{"id":26117,"date":"2022-07-20T01:01:00","date_gmt":"2022-07-20T04:01:00","guid":{"rendered":"https:\/\/panoramadelsur.com.ar\/?p=26117"},"modified":"2022-07-20T13:32:55","modified_gmt":"2022-07-20T16:32:55","slug":"la-plataforma-contar-estrena-nosotras-relatos-de-los-feminismos-bonaerenses","status":"publish","type":"post","link":"https:\/\/panoramadelsur.com.ar\/?p=26117","title":{"rendered":"LA PLATAFORMA CONTAR ESTRENA \u00abNOSOTRAS. RELATOS DE LOS FEMINISMOS BONAERENSES\u00bb"},"content":{"rendered":"\n<p class=\"wp-block-paragraph\">La serie documental \u201cNosotras. Relatos de los feminismos bonaerenses\u201d, que recorre las \u00faltimas cuatro d\u00e9cadas de militancia feminista en la provincia de Buenos Aires, se estrenar\u00e1 hoy en la plataforma p\u00fablica y gratuita Contar, inform\u00f3 el Ministerio de las Mujeres.<\/p>\n\n\n\n<p class=\"wp-block-paragraph\">La serie \u00abrefleja el devenir social, la participaci\u00f3n pol\u00edtica de las mujeres bonaerenses y los procesos institucionales de gobierno para el impulso de las pol\u00edticas de g\u00e9nero y diversidad y recupera la genealog\u00eda de un movimiento que surge con fuerza en Argentina con la recuperaci\u00f3n de la democracia y que crece y se consolida en los Encuentros Nacionales de Mujeres\u00bb, se indic\u00f3 en un comunicado.<\/p>\n\n\n\n<p class=\"wp-block-paragraph\">Adem\u00e1s, el documental \u00abreconstruye las primeras experiencias de grupos que trabajan con mujeres v\u00edctimas de violencias, las redes para acceder a la salud sexual, las experiencias de los colectivos de la diversidad sexual, la constituci\u00f3n de la Campa\u00f1a Nacional por el Derecho al Aborto, hitos que hacen de los feminismos populares de nuestro pa\u00eds y de la provincia de Buenos Aires una referencia internacional\u00bb.<\/p>\n\n\n\n<p class=\"wp-block-paragraph\">El punto de partida de la serie documental es el femicidio de Alicia Mu\u00f1iz en el a\u00f1o 1988 a manos de su pareja, el famoso boxeador Carlos Monz\u00f3n. A partir de all\u00ed, recupera la lucha contra las violencias por razones de g\u00e9nero en todo el territorio de la provincia de Buenos Aires.<\/p>\n\n\n\n<p class=\"wp-block-paragraph\">Cada cap\u00edtulo focaliza diversos aspectos de la agenda del movimiento feminista: los derechos sexuales, el derecho al aborto, la organizaci\u00f3n social en los territorios a partir de la experiencia de las manzaneras, la participaci\u00f3n pol\u00edtica, la paridad legislativa, el #NiUnaMenos, la marea verde, el cupo laboral travesti-trans, el f\u00fatbol femenino y la creaci\u00f3n de los ministerios de la Mujeres en la Naci\u00f3n y en la Provincia.<\/p>\n\n\n\n<p class=\"wp-block-paragraph\">La realizaci\u00f3n del proyecto cont\u00f3 con el aporte del Consejo Federal de Inversiones y el apoyo del Ministerio de las Mujeres, Pol\u00edticas de G\u00e9nero y Diversidad Sexual.<\/p>\n\n\n\n<p class=\"wp-block-paragraph\">La idea y conducci\u00f3n estuvo a cargo de Mariana Carbajal y el gui\u00f3n y la direcci\u00f3n fueron de Luc\u00eda Lubarsky.<\/p>\n\n\n\n<p class=\"wp-block-paragraph\">La serie fue estrenada el pasado mes de junio en la Televisi\u00f3n P\u00fablica y a partir de hoy podr\u00e1 verse en todo el pa\u00eds, de forma gratuita, a trav\u00e9s de la plataforma www.cont.ar. <\/p>\n","protected":false},"excerpt":{"rendered":"<p>La serie<\/p>\n","protected":false},"author":1,"featured_media":39574,"comment_status":"open","ping_status":"open","sticky":false,"template":"","format":"standard","meta":{"footnotes":""},"categories":[8,5],"tags":[],"class_list":["post-26117","post","type-post","status-publish","format-standard","has-post-thumbnail","hentry","category-para-agendar","category-provincia"],"_links":{"self":[{"href":"https:\/\/panoramadelsur.com.ar\/index.php?rest_route=\/wp\/v2\/posts\/26117","targetHints":{"allow":["GET"]}}],"collection":[{"href":"https:\/\/panoramadelsur.com.ar\/index.php?rest_route=\/wp\/v2\/posts"}],"about":[{"href":"https:\/\/panoramadelsur.com.ar\/index.php?rest_route=\/wp\/v2\/types\/post"}],"author":[{"embeddable":true,"href":"https:\/\/panoramadelsur.com.ar\/index.php?rest_route=\/wp\/v2\/users\/1"}],"replies":[{"embeddable":true,"href":"https:\/\/panoramadelsur.com.ar\/index.php?rest_route=%2Fwp%2Fv2%2Fcomments&post=26117"}],"version-history":[{"count":1,"href":"https:\/\/panoramadelsur.com.ar\/index.php?rest_route=\/wp\/v2\/posts\/26117\/revisions"}],"predecessor-version":[{"id":26119,"href":"https:\/\/panoramadelsur.com.ar\/index.php?rest_route=\/wp\/v2\/posts\/26117\/revisions\/26119"}],"wp:featuredmedia":[{"embeddable":true,"href":"https:\/\/panoramadelsur.com.ar\/index.php?rest_route=\/wp\/v2\/media\/39574"}],"wp:attachment":[{"href":"https:\/\/panoramadelsur.com.ar\/index.php?rest_route=%2Fwp%2Fv2%2Fmedia&parent=26117"}],"wp:term":[{"taxonomy":"category","embeddable":true,"href":"https:\/\/panoramadelsur.com.ar\/index.php?rest_route=%2Fwp%2Fv2%2Fcategories&post=26117"},{"taxonomy":"post_tag","embeddable":true,"href":"https:\/\/panoramadelsur.com.ar\/index.php?rest_route=%2Fwp%2Fv2%2Ftags&post=26117"}],"curies":[{"name":"wp","href":"https:\/\/api.w.org\/{rel}","templated":true}]}}