{"id":26133,"date":"2022-07-20T01:02:00","date_gmt":"2022-07-20T04:02:00","guid":{"rendered":"https:\/\/panoramadelsur.com.ar\/?p=26133"},"modified":"2022-07-20T16:15:53","modified_gmt":"2022-07-20T19:15:53","slug":"andres-watson-y-axel-kicillof-entregaron-viviendas-a-familias-varelenses","status":"publish","type":"post","link":"https:\/\/panoramadelsur.com.ar\/?p=26133","title":{"rendered":"ANDR\u00c9S WATSON Y AXEL KICILLOF ENTREGARON VIVIENDAS A FAMILIAS VARELENSES"},"content":{"rendered":"\n<p class=\"wp-block-paragraph\">El intendente de Florencio Varela -Andr\u00e9s Watson- junto al gobernador bonaerense -Axel Kicillof- otorgaron 56 hogares a vecinos y vecinas del distrito en el complejo habitacional Las Margaritas, ubicado en localidad de Bosques.<\/p>\n\n\n\n<p class=\"wp-block-paragraph\">\u201cAxel, un gran orgullo recibirte una vez. Recorrimos e inauguramos obras, formalizamos aperturas de nuevas empresas, entre ellas nuestra nave insignia: `Alpargatas Textil\u00b4; acciones para crear m\u00e1s trabajo genuino, lograr una comunidad organizada y situar a la pol\u00edtica como una herramienta indispensable en materializar los sue\u00f1os de la gente\u201d, afirm\u00f3 el Mandatario Comunal.<\/p>\n\n\n\n<p class=\"wp-block-paragraph\">En este sentido, reflexion\u00f3 \u201csobre los momentos dif\u00edciles al asumir en la gesti\u00f3n, pero tambi\u00e9n aquellos sucesos de felicidad como los que vivimos al observar a varelenses tener en sus manos las llaves de las viviendas\u201d. \u201cPara llegar a cada meta, el gobierno presente en sus tres estamentos cre\u00f3 las condiciones con el fin de conquistarlos\u201d, sentenci\u00f3 el titular en el Ejecutivo local.<\/p>\n\n\n\n<p class=\"wp-block-paragraph\">Kicillof destac\u00f3 \u201cla alegr\u00eda de las familias al recibir sus casas\u201d luego de pormenorizar sobre \u201clas dificultades que implic\u00f3, c\u00f3mo pudo cambiarles la vida dejar de alquilar\u201d. Luego, record\u00f3: \u201cEste barrio estaba abandonado, como las escuelas, hospitales, rutas sin hacer. Eso gener\u00f3 a nuestra sociedad una inmensa frustraci\u00f3n y descreimiento\u201d.<\/p>\n\n\n\n<p class=\"wp-block-paragraph\">En contraposici\u00f3n, calific\u00f3 \u201ccomo muy lindo estar hoy en la ante\u00faltima entrega en Las Margaritas\u201d junto a la formalizaci\u00f3n de acuerdos para nuevos pavimentos. Asimismo, especific\u00f3 las diversas ocasiones en las que visit\u00f3 el partido donde tambi\u00e9n describi\u00f3 el contexto desatado tanto por la emergencia sanitaria como las circunstancias a nivel mundial que afectaron a la din\u00e1mica nacional.<\/p>\n\n\n\n<p class=\"wp-block-paragraph\">Para culminar, detall\u00f3 aspectos del programa \u201cBuenos Aires Crea\u201d al cual adhiri\u00f3 la Comuna para \u201campliar, reformar, refaccionar con un cr\u00e9dito a tasa 0\u201d como una propuesta inmobiliaria que impuls\u00f3 la obra p\u00fablicas y el empleo.<\/p>\n\n\n\n<p class=\"wp-block-paragraph\">El ministro de H\u00e1bitat y Desarrollo Urbano bonaerense -Agust\u00edn Simone- manifest\u00f3 su satisfacci\u00f3n por \u201casumir un compromiso y estar tan cerca de concretarlo\u201d. \u201cCumplir con lo que el Gobernador nos pidi\u00f3\u201d, a\u00f1adi\u00f3 el funcionario que repas\u00f3 las construcciones de inmuebles en Florencio Varela. \u201cEste Municipio gestion\u00f3 a fin de tener tierra urbana disponible, fundamental para poner en marcha la ejecuci\u00f3n de viviendas\u201d, remarc\u00f3.<\/p>\n\n\n\n<p class=\"wp-block-paragraph\">Cabe se\u00f1alar que quedaron 62 edificaciones en ejecuci\u00f3n para culminar con las 742 unidades. En este caso, fueron adjudicados 24 d\u00faplex en la manzana N\u00ba24 y 32 de planta baja en la manzana N\u00ba25. Ambos modelos contaron con 2 dormitorios, cocina comer, ba\u00f1o, luz, agua corriente y lavadero exterior con pileta y patio.<\/p>\n\n\n\n<p class=\"wp-block-paragraph\">Por \u00faltimo, rubricaron convenios para pavimentos en Las Margaritas y en Pico de Oro, implementar \u201cBuenos Aires Crea\u201d junto al otorgamiento de un permiso de uso gratuito y administraci\u00f3n a favor del Municipio de los terrenos del ex ferrocarril.<\/p>\n\n\n\n<p class=\"wp-block-paragraph\">Estuvieron presentes la ministra de Gobierno -Cristina \u00c1lvarez Rodr\u00edguez-, el ministro de Hacienda y Finanzas -Pablo L\u00f3pez; el secretario de Desarrollo Territorial de la Naci\u00f3n -Luciano Scatolini-, funcionarios nacionales, provinciales, municipales, entre otros.<\/p>\n\n\n\n<p class=\"wp-block-paragraph\"><em><u>Un sue\u00f1o cumplido<\/u><\/em><\/p>\n\n\n\n<p class=\"wp-block-paragraph\">Muchas historias enlazadas a un mismo prop\u00f3sito: el lugar ideal para pasar el resto de sus vidas. Camila Sidales sol\u00eda residir en Zeballos cuando recibi\u00f3 la noticia. \u201cMuy feliz de esta posibilidad. Le dieron una estabilidad a mis hijos, una felicidad muy grande. Nos aseguraron el futuro\u201d, expres\u00f3 conmovida al imaginar \u201cc\u00f3mo adaptarnos a un nuevo sitio\u201d.<\/p>\n\n\n\n<p class=\"wp-block-paragraph\">Nora Escalante aguard\u00f3 durante a\u00f1os su oportunidad y agradeci\u00f3 \u201cal Gobernador, al Intendente, a los chicos de la Municipalidad por la atenci\u00f3n y tolerancia en cada respuesta\u201d. \u201cNecesit\u00e1bamos esto. Una bendici\u00f3n muy grande porque justo comenc\u00e9 a cuidar a mis nietos\u201d, cont\u00f3 la auxiliar en la Escuela T\u00e9cnica N\u00ba2.<\/p>\n\n\n\n<p class=\"wp-block-paragraph\">Luis G\u00f3mez -empleado- junto a su esposa Roxana Castro, quien colabor\u00f3 en merenderos de Villa Ang\u00e9lica, lleg\u00f3 junto a sus hijos con innumerables expectativas. El vecino oriundo de Villa del Plata narr\u00f3 algunos hechos lamentables como \u201cquedar desempleado m\u00e1s una discapacidad, pero despu\u00e9s de tanto esfuerzo y pelea lleg\u00f3 el reconocimiento\u201d. A pesar de los inconvenientes, Roxana afirm\u00f3: \u201cEn ning\u00fan momento nos desampararon, estuvieron presentes el Intendente y las distintas Secretar\u00edas\u201d.<\/p>\n\n\n\n<p class=\"wp-block-paragraph\"><em><u>Intervenci\u00f3n vial en El Roc\u00edo<\/u><\/em><\/p>\n\n\n\n<p class=\"wp-block-paragraph\">Las autoridades arribaron al barrio para verificar la repavimentaci\u00f3n estipulada en la intersecci\u00f3n de Mercedes y Saladillo a partir de los Fondos Provinciales FIM-2021 donde el ministro de Infraestructura y Servicios P\u00fablicos bonaerense -Leonardo Nardini- valor\u00f3 \u201ccompletar otra trama urbana con la generaci\u00f3n de una troncal complementaria a la ya existente m\u00e1s proyectar la conexi\u00f3n con avenida Los Inmigrantes\u201d.<\/p>\n\n\n\n<p class=\"wp-block-paragraph\">Nardini enfatiz\u00f3 en \u201cel plan estrat\u00e9gico desarrollado por el Municipio en articulaci\u00f3n con Naci\u00f3n y Provincia en una sinergia que permiti\u00f3 multiplicar el avance que los vecinos y vecinas precisaban\u201d a fin de \u201cmejorar la accesibilidad y su calidad de vida\u201d.<\/p>\n\n\n\n<p class=\"wp-block-paragraph\">Como ciudadana de la zona, Elvira Vidal evalu\u00f3: \u201cNecesit\u00e1bamos esto hace muchos a\u00f1os, fue muy importante. Me gust\u00f3 conocerlos en persona porque signific\u00f3 una presencia\u201d. Elizabeth de Luca -directora de la Escuela N\u00ba66- visualiz\u00f3 los beneficios de las obras en \u201cla llegada de los alumnos al establecimiento sin embarrarse. Un acceso digno\u201d.<\/p>\n","protected":false},"excerpt":{"rendered":"<p>El intendente<\/p>\n","protected":false},"author":1,"featured_media":39574,"comment_status":"open","ping_status":"open","sticky":false,"template":"","format":"standard","meta":{"footnotes":""},"categories":[1,3],"tags":[27,30],"class_list":["post-26133","post","type-post","status-publish","format-standard","has-post-thumbnail","hentry","category-destacados","category-regionales","tag-provincia","tag-varela"],"_links":{"self":[{"href":"https:\/\/panoramadelsur.com.ar\/index.php?rest_route=\/wp\/v2\/posts\/26133","targetHints":{"allow":["GET"]}}],"collection":[{"href":"https:\/\/panoramadelsur.com.ar\/index.php?rest_route=\/wp\/v2\/posts"}],"about":[{"href":"https:\/\/panoramadelsur.com.ar\/index.php?rest_route=\/wp\/v2\/types\/post"}],"author":[{"embeddable":true,"href":"https:\/\/panoramadelsur.com.ar\/index.php?rest_route=\/wp\/v2\/users\/1"}],"replies":[{"embeddable":true,"href":"https:\/\/panoramadelsur.com.ar\/index.php?rest_route=%2Fwp%2Fv2%2Fcomments&post=26133"}],"version-history":[{"count":1,"href":"https:\/\/panoramadelsur.com.ar\/index.php?rest_route=\/wp\/v2\/posts\/26133\/revisions"}],"predecessor-version":[{"id":26135,"href":"https:\/\/panoramadelsur.com.ar\/index.php?rest_route=\/wp\/v2\/posts\/26133\/revisions\/26135"}],"wp:featuredmedia":[{"embeddable":true,"href":"https:\/\/panoramadelsur.com.ar\/index.php?rest_route=\/wp\/v2\/media\/39574"}],"wp:attachment":[{"href":"https:\/\/panoramadelsur.com.ar\/index.php?rest_route=%2Fwp%2Fv2%2Fmedia&parent=26133"}],"wp:term":[{"taxonomy":"category","embeddable":true,"href":"https:\/\/panoramadelsur.com.ar\/index.php?rest_route=%2Fwp%2Fv2%2Fcategories&post=26133"},{"taxonomy":"post_tag","embeddable":true,"href":"https:\/\/panoramadelsur.com.ar\/index.php?rest_route=%2Fwp%2Fv2%2Ftags&post=26133"}],"curies":[{"name":"wp","href":"https:\/\/api.w.org\/{rel}","templated":true}]}}