{"id":2614,"date":"2021-04-08T07:44:00","date_gmt":"2021-04-08T07:44:00","guid":{"rendered":"http:\/\/panoramadelsur.com.ar\/?p=2614"},"modified":"2021-04-08T11:41:19","modified_gmt":"2021-04-08T11:41:19","slug":"mayra-mendoza-firmo-convenios-para-la-construccion-de-nuevos-pasos-bajo-nivel","status":"publish","type":"post","link":"https:\/\/panoramadelsur.com.ar\/?p=2614","title":{"rendered":"Mayra Mendoza firm\u00f3 convenios para la construcci\u00f3n de nuevos pasos bajo nivel"},"content":{"rendered":"\n<p class=\"wp-block-paragraph\">La intendenta de Quilmes, Mayra Mendoza, firm\u00f3 ayer convenios con el presidente de Trenes Argentinos Infraestructura, Alexis Guerrera, para la construcci\u00f3n de nuevos pasos bajo nivel en la ciudad, que estar\u00e1n ubicados en los cruces Rep\u00fablica del L\u00edbano-Castelli (solo tr\u00e1nsito liviano) y en Laprida-Dorrego (apto tr\u00e1nsito pesado).<\/p>\n\n\n\n<p class=\"wp-block-paragraph\">\u201cFirmamos tres convenios con el presidente de Trenes Argentinos Infraestructura para avanzar en la construcci\u00f3n de los pasos bajo nivel y la refacci\u00f3n del entorno de la estaci\u00f3n de Quilmes. Uno de ellos estar\u00e1 ubicado en el cruce Dorrego-Laprida y otro en el cruce Rep\u00fablica del L\u00edbano-Castelli, mejorando la circulaci\u00f3n de nuestra comunidad. Estas obras est\u00e1n enmarcadas en los avances de los proyectos de la nueva estaci\u00f3n de tren entre Quilmes y Ezpeleta, el Centro de Trasbordo en la estaci\u00f3n de Quilmes, y el mejoramiento del espacio entre Bernal y Don Bosco. Seguimos avanzando en obras que pondr\u00e1n en valor nuestra ciudad y har\u00e1n de Quilmes un mejor lugar para vivir\u201d, sostuvo Mayra.<\/p>\n\n\n\n<p class=\"wp-block-paragraph\">Por su parte, Guerrera se\u00f1al\u00f3: \u00abEstos pasos bajo nivel que vamos a realizar junto a la Comuna de Quilmes est\u00e1n pensados para favorecer el desarrollo de la ciudad y mejorar la calidad de vida de los y las quilme\u00f1as. El trabajo codo a codo con Mayra nos permite avanzar en obras que generan trabajo y cambian la relaci\u00f3n de los vecinos a trav\u00e9s de un transporte ferroviario moderno y seguro\u00bb.<\/p>\n\n\n\n<p class=\"wp-block-paragraph\">Adem\u00e1s, hay en carpeta otro bajov\u00edas en la avenida Florencio Varela, en el l\u00edmite con Berazategui, apto para tr\u00e1nsito pesado. Con estas obras se apuesta a mejorar la circulaci\u00f3n vehicular, fortalecer la conectividad Este-Oeste, y de los distintos barrios del distrito.<\/p>\n\n\n\n<p class=\"wp-block-paragraph\"><strong>Nueva estaci\u00f3n y centro de trasbordo<\/strong><\/p>\n\n\n\n<p class=\"wp-block-paragraph\">A los bajov\u00edas, se suma un hecho hist\u00f3rico: la creaci\u00f3n de una nueva estaci\u00f3n ferroviaria entre Quilmes y Ezpeleta. Esta obra va a generar un cambio muy importante para la ciudad y, adem\u00e1s, favorecer\u00e1 una mayor accesibilidad al Estadio Centenario y al Polideportivo Municipal.<\/p>\n\n\n\n<p class=\"wp-block-paragraph\">A su vez, se reformar\u00e1 la estaci\u00f3n de Quilmes. En la Plaza Eva Per\u00f3n se realizar\u00e1 un centro de trasbordo para mejorar y ordenar la conectividad entre el tren y las diferentes l\u00edneas de colectivos.<\/p>\n\n\n\n<p class=\"wp-block-paragraph\">La firma de los convenios tuvo lugar en la sede de Trenes Argentinos Infraestructura (avenida Dr. Ramos Mej\u00eda 1302, Ciudad Aut\u00f3noma de Buenos Aires) y participaron de la actividad el jefe de Gabinete, Alejandro Gandulfo, y la secretaria de Desarrollo Urbano y Obra P\u00fablica, Cecilia Soler.<\/p>\n","protected":false},"excerpt":{"rendered":"<p>La intendenta<\/p>\n","protected":false},"author":1,"featured_media":39574,"comment_status":"open","ping_status":"open","sticky":false,"template":"","format":"standard","meta":{"footnotes":""},"categories":[1,2],"tags":[],"class_list":["post-2614","post","type-post","status-publish","format-standard","has-post-thumbnail","hentry","category-destacados","category-quilmes"],"_links":{"self":[{"href":"https:\/\/panoramadelsur.com.ar\/index.php?rest_route=\/wp\/v2\/posts\/2614","targetHints":{"allow":["GET"]}}],"collection":[{"href":"https:\/\/panoramadelsur.com.ar\/index.php?rest_route=\/wp\/v2\/posts"}],"about":[{"href":"https:\/\/panoramadelsur.com.ar\/index.php?rest_route=\/wp\/v2\/types\/post"}],"author":[{"embeddable":true,"href":"https:\/\/panoramadelsur.com.ar\/index.php?rest_route=\/wp\/v2\/users\/1"}],"replies":[{"embeddable":true,"href":"https:\/\/panoramadelsur.com.ar\/index.php?rest_route=%2Fwp%2Fv2%2Fcomments&post=2614"}],"version-history":[{"count":1,"href":"https:\/\/panoramadelsur.com.ar\/index.php?rest_route=\/wp\/v2\/posts\/2614\/revisions"}],"predecessor-version":[{"id":2616,"href":"https:\/\/panoramadelsur.com.ar\/index.php?rest_route=\/wp\/v2\/posts\/2614\/revisions\/2616"}],"wp:featuredmedia":[{"embeddable":true,"href":"https:\/\/panoramadelsur.com.ar\/index.php?rest_route=\/wp\/v2\/media\/39574"}],"wp:attachment":[{"href":"https:\/\/panoramadelsur.com.ar\/index.php?rest_route=%2Fwp%2Fv2%2Fmedia&parent=2614"}],"wp:term":[{"taxonomy":"category","embeddable":true,"href":"https:\/\/panoramadelsur.com.ar\/index.php?rest_route=%2Fwp%2Fv2%2Fcategories&post=2614"},{"taxonomy":"post_tag","embeddable":true,"href":"https:\/\/panoramadelsur.com.ar\/index.php?rest_route=%2Fwp%2Fv2%2Ftags&post=2614"}],"curies":[{"name":"wp","href":"https:\/\/api.w.org\/{rel}","templated":true}]}}