{"id":2673,"date":"2021-04-09T01:02:00","date_gmt":"2021-04-09T01:02:00","guid":{"rendered":"http:\/\/panoramadelsur.com.ar\/?p=2673"},"modified":"2021-04-09T11:04:51","modified_gmt":"2021-04-09T11:04:51","slug":"mayra-mendoza-se-reunio-con-la-directora-provincial-de-juventudes-y-recorrieron-una-de-las-sedes-del-programa-envion","status":"publish","type":"post","link":"https:\/\/panoramadelsur.com.ar\/?p=2673","title":{"rendered":"Mayra Mendoza se reuni\u00f3 con la Directora provincial de juventudes y recorrieron una de las sedes del programa ENVI\u00d3N"},"content":{"rendered":"\n<p class=\"wp-block-paragraph\">La intendenta de Quilmes, Mayra Mendoza, encabez\u00f3 una reuni\u00f3n en su despacho con la directora de Juventudes de la Provincia de Buenos Aires, Ayel\u00e9n L\u00f3pez, con quien dialog\u00f3 sobre la ampliaci\u00f3n del Programa Envi\u00f3n y luego visitaron una de las sedes de dicha iniciativa que funciona en el CIC La Ribera de Quilmes, donde compartieron un encuentro con j\u00f3venes bajo estrictos protocolos sanitarios por la pandemia.<\/p>\n\n\n\n<p class=\"wp-block-paragraph\">\u201cConversamos sobre proyectos a desarrollar articuladamente entre el Gobierno Provincial y el Municipio, orientados a las juventudes. Luego, visitamos el Envi\u00f3n de La Ribera para charlar con los pibes y pibas que participan de este espacio. Este programa provincial busca acompa\u00f1ar e implementar estrategias que brinden igualdad de oportunidades a los j\u00f3venes\u201d, expres\u00f3 Mayra, que estuvo acompa\u00f1ada por la directora general de Juventudes local, Ana Palacios.<\/p>\n\n\n\n<p class=\"wp-block-paragraph\">En la misma l\u00ednea, agreg\u00f3: \u201canalizamos las actividades que se brindan en el lugar y coincidimos sobre la importancia de ser responsables en este contexto de aumento de contagios. Desde el Gobierno Provincial y Municipal, seguimos impulsando este programa tan necesario para incluir, contener y acompa\u00f1ar a las juventudes que m\u00e1s lo necesitan\u201d.<\/p>\n\n\n\n<p class=\"wp-block-paragraph\">Entre los temas que trataron se hizo referencia a la renovaci\u00f3n del convenio diciembre 2020 &#8211; diciembre 2022 entre la Provincia de Buenos Aires y el Municipio de Quilmes por Envi\u00f3n, donde se otorg\u00f3 a la ciudad una nueva sede que se suma a las seis ya existentes y funcionar\u00e1 en el CIC Agust\u00edn Ram\u00edrez, con 150 cupos para destinatarios y 15 tutores.<\/p>\n\n\n\n<p class=\"wp-block-paragraph\">A su vez, se brindaron 13 altas nuevas que se agregan a las 36 con las que ya cuenta el distrito. De esas 13 se contemplan las altas de la nueva sede y de los talleristas nuevos (uno por sede). Tambi\u00e9n habr\u00e1 40 altas nuevas para casos de urgencia en la ciudad.<\/p>\n\n\n\n<p class=\"wp-block-paragraph\">Por otro lado, conversaron sobre la construcci\u00f3n de lo que ser\u00e1 el Edificio para las Juventudes, un espacio de contenci\u00f3n, integraci\u00f3n, acompa\u00f1amiento y participaci\u00f3n, donde adem\u00e1s se dictar\u00e1n talleres, entre otras actividades a realizar.<\/p>\n\n\n\n<p class=\"wp-block-paragraph\"><strong>Encuentro con la juventud de Envi\u00f3n La Ribera<\/strong><\/p>\n\n\n\n<p class=\"wp-block-paragraph\">Durante la charla con los j\u00f3venes de Envi\u00f3n La Ribera y su coordinadora, se hizo un repaso de las distintas actividades que llevan a cabo como las jornadas solidarias, donde dos veces al mes se realiza un ropero comunitario. Tambi\u00e9n juntan donaciones de mercader\u00eda, \u00fatiles, calzados y vestimentas que son destinados a quienes m\u00e1s lo necesitan, ya sean integrantes del programa o vecinos de la zona.<\/p>\n\n\n\n<p class=\"wp-block-paragraph\">Adem\u00e1s de concretar cines debate, actividades relacionadas al 8 y 24 de marzo y en relaci\u00f3n al reciclaje se cre\u00f3 un Punto ECO dentro del CIC para ayudar a los vecinos y vecinas que concurren al Centro de Salud a que puedan diferenciar los residuos que dejan. Luego, esos elementos se trasladan a uno de los Eco Puntos que se encuentran en el centro del distrito.<\/p>\n","protected":false},"excerpt":{"rendered":"<p>La intendenta<\/p>\n","protected":false},"author":1,"featured_media":39574,"comment_status":"open","ping_status":"open","sticky":false,"template":"","format":"standard","meta":{"footnotes":""},"categories":[1,2],"tags":[],"class_list":["post-2673","post","type-post","status-publish","format-standard","has-post-thumbnail","hentry","category-destacados","category-quilmes"],"_links":{"self":[{"href":"https:\/\/panoramadelsur.com.ar\/index.php?rest_route=\/wp\/v2\/posts\/2673","targetHints":{"allow":["GET"]}}],"collection":[{"href":"https:\/\/panoramadelsur.com.ar\/index.php?rest_route=\/wp\/v2\/posts"}],"about":[{"href":"https:\/\/panoramadelsur.com.ar\/index.php?rest_route=\/wp\/v2\/types\/post"}],"author":[{"embeddable":true,"href":"https:\/\/panoramadelsur.com.ar\/index.php?rest_route=\/wp\/v2\/users\/1"}],"replies":[{"embeddable":true,"href":"https:\/\/panoramadelsur.com.ar\/index.php?rest_route=%2Fwp%2Fv2%2Fcomments&post=2673"}],"version-history":[{"count":1,"href":"https:\/\/panoramadelsur.com.ar\/index.php?rest_route=\/wp\/v2\/posts\/2673\/revisions"}],"predecessor-version":[{"id":2675,"href":"https:\/\/panoramadelsur.com.ar\/index.php?rest_route=\/wp\/v2\/posts\/2673\/revisions\/2675"}],"wp:featuredmedia":[{"embeddable":true,"href":"https:\/\/panoramadelsur.com.ar\/index.php?rest_route=\/wp\/v2\/media\/39574"}],"wp:attachment":[{"href":"https:\/\/panoramadelsur.com.ar\/index.php?rest_route=%2Fwp%2Fv2%2Fmedia&parent=2673"}],"wp:term":[{"taxonomy":"category","embeddable":true,"href":"https:\/\/panoramadelsur.com.ar\/index.php?rest_route=%2Fwp%2Fv2%2Fcategories&post=2673"},{"taxonomy":"post_tag","embeddable":true,"href":"https:\/\/panoramadelsur.com.ar\/index.php?rest_route=%2Fwp%2Fv2%2Ftags&post=2673"}],"curies":[{"name":"wp","href":"https:\/\/api.w.org\/{rel}","templated":true}]}}