{"id":2685,"date":"2021-04-09T11:30:42","date_gmt":"2021-04-09T11:30:42","guid":{"rendered":"http:\/\/panoramadelsur.com.ar\/?p=2685"},"modified":"2021-04-09T11:30:48","modified_gmt":"2021-04-09T11:30:48","slug":"municipio-de-varela-y-provincia-fortalecieron-su-coordinacion-para-potenciar-las-obras-viales","status":"publish","type":"post","link":"https:\/\/panoramadelsur.com.ar\/?p=2685","title":{"rendered":"Municipio de Varela y Provincia fortalecieron su coordinaci\u00f3n para potenciar las obras viales"},"content":{"rendered":"\n<p class=\"wp-block-paragraph\">El intendente Andr\u00e9s Watson junto al ministro de Hacienda y Finanzas bonaerense -Pablo L\u00f3pez- abordaron diversas tem\u00e1ticas del Municipio y la Provincia para luego verificar el progreso de obras viales ejecutadas en el casco c\u00e9ntrico del distrito.<\/p>\n\n\n\n<p class=\"wp-block-paragraph\">El Mandatario Comunal remarc\u00f3 la presencia del funcionario provincial \u201cpara recorrer el territorio y exhibir la impronta que tienen todos los miembros del gabinete del gobernador Axel Kicillof para trabajar en equipo\u201d.&nbsp;&nbsp;&nbsp;&nbsp;<\/p>\n\n\n\n<p class=\"wp-block-paragraph\">La repavimentaci\u00f3n en hormig\u00f3n simple fue proyectada para las calles San Juan y Arist\u00f3bulo del Valle, ambas arterias intervenidas desde Av. San Mart\u00edn hasta Monteagudo, financiado a trav\u00e9s del Fondo Educativo.<\/p>\n\n\n\n<p class=\"wp-block-paragraph\">Ambas v\u00edas \u201cson muy antiguas, por las condiciones de los adoquines ubicados en esta regi\u00f3n del distrito debimos planificar el revestimiento en hormig\u00f3n\u201d. Sin embargo, Watson destac\u00f3 el prop\u00f3sito de \u201cmantener el contenido hist\u00f3rico, vamos a trasladar el empedrado al Museo Hudson para instalarlo en el sendero de ingreso y distribuirlo tambi\u00e9n por los boulevares de la plaza San Juan Bautista para que las y los vecinos observen este patrimonio\u201d.<\/p>\n\n\n\n<p class=\"wp-block-paragraph\">De este modo, las modificaciones en la calzada permitieron mejorar la transitabilidad por la zona y el acceso a instituciones educativas.<\/p>\n\n\n\n<p class=\"wp-block-paragraph\">Por su parte, el ministro provincial relat\u00f3 el motivo de su visita: \u201cRepasamos la situaci\u00f3n del distrito. Cuestiones econ\u00f3micas, financieras y tambi\u00e9n sanitarias. Adem\u00e1s, examinamos algunas obras desarrolladas en el partido\u201d.<\/p>\n\n\n\n<p class=\"wp-block-paragraph\">L\u00f3pez afirm\u00f3 que \u201cFlorencio Varela es paradigm\u00e1tico en la coordinaci\u00f3n de ambos estamentos gubernamentales y un ejemplo de c\u00f3mo a trav\u00e9s de la obra p\u00fablica se genera la sinergia para el crecimiento\u201d.<\/p>\n\n\n\n<p class=\"wp-block-paragraph\">Acompa\u00f1\u00f3 a las autoridades el secretario de Obras, Servicios P\u00fablicos y Planificaci\u00f3n Urbana -Diego Trejo-.<\/p>\n","protected":false},"excerpt":{"rendered":"<p>El intendente<\/p>\n","protected":false},"author":1,"featured_media":39574,"comment_status":"open","ping_status":"open","sticky":false,"template":"","format":"standard","meta":{"footnotes":""},"categories":[3],"tags":[],"class_list":["post-2685","post","type-post","status-publish","format-standard","has-post-thumbnail","hentry","category-regionales"],"_links":{"self":[{"href":"https:\/\/panoramadelsur.com.ar\/index.php?rest_route=\/wp\/v2\/posts\/2685","targetHints":{"allow":["GET"]}}],"collection":[{"href":"https:\/\/panoramadelsur.com.ar\/index.php?rest_route=\/wp\/v2\/posts"}],"about":[{"href":"https:\/\/panoramadelsur.com.ar\/index.php?rest_route=\/wp\/v2\/types\/post"}],"author":[{"embeddable":true,"href":"https:\/\/panoramadelsur.com.ar\/index.php?rest_route=\/wp\/v2\/users\/1"}],"replies":[{"embeddable":true,"href":"https:\/\/panoramadelsur.com.ar\/index.php?rest_route=%2Fwp%2Fv2%2Fcomments&post=2685"}],"version-history":[{"count":1,"href":"https:\/\/panoramadelsur.com.ar\/index.php?rest_route=\/wp\/v2\/posts\/2685\/revisions"}],"predecessor-version":[{"id":2687,"href":"https:\/\/panoramadelsur.com.ar\/index.php?rest_route=\/wp\/v2\/posts\/2685\/revisions\/2687"}],"wp:featuredmedia":[{"embeddable":true,"href":"https:\/\/panoramadelsur.com.ar\/index.php?rest_route=\/wp\/v2\/media\/39574"}],"wp:attachment":[{"href":"https:\/\/panoramadelsur.com.ar\/index.php?rest_route=%2Fwp%2Fv2%2Fmedia&parent=2685"}],"wp:term":[{"taxonomy":"category","embeddable":true,"href":"https:\/\/panoramadelsur.com.ar\/index.php?rest_route=%2Fwp%2Fv2%2Fcategories&post=2685"},{"taxonomy":"post_tag","embeddable":true,"href":"https:\/\/panoramadelsur.com.ar\/index.php?rest_route=%2Fwp%2Fv2%2Ftags&post=2685"}],"curies":[{"name":"wp","href":"https:\/\/api.w.org\/{rel}","templated":true}]}}