{"id":2697,"date":"2021-04-09T14:20:00","date_gmt":"2021-04-09T14:20:00","guid":{"rendered":"http:\/\/panoramadelsur.com.ar\/?p=2697"},"modified":"2021-04-10T04:30:24","modified_gmt":"2021-04-10T04:30:24","slug":"mayra-superviso-la-aplicacion-de-vacunas-contra-el-covid-en-la-nueva-etapa-de-la-pandemia","status":"publish","type":"post","link":"https:\/\/panoramadelsur.com.ar\/?p=2697","title":{"rendered":"Mayra supervis\u00f3 la aplicaci\u00f3n de vacunas contra el Covid en la nueva etapa de la pandemia"},"content":{"rendered":"\n<p class=\"wp-block-paragraph\">La intendenta de Quilmes, Mayra Mendoza, supervis\u00f3 el desarrollo de la campa\u00f1a de vacunaci\u00f3n contra el COVID en el Centro de Integraci\u00f3n Comunitario (CIC) La Paz y resalt\u00f3 el avance en las aplicaciones y la necesidad de reforzar los cuidados. Luego se dirigi\u00f3 al CIC IAPI, donde culmin\u00f3 otra jornada de documentaci\u00f3n del programa del Registro Provincial de las Personas en Quilmes.<\/p>\n\n\n\n<p class=\"wp-block-paragraph\">\u201cRecorrimos el CIC La Paz, uno de los centros de Buenos Aires Vacunate que pusimos en marcha en la ciudad. En Quilmes contamos con 11 centros de vacunaci\u00f3n y superamos los 50 mil vacunados con la primera dosis, un logro que responde a la gran articulaci\u00f3n que desarrollamos con el presidente Alberto Fern\u00e1ndez y el gobernador Axel Kicillof\u201d, afirm\u00f3 Mayra, acompa\u00f1ada por el secretario de Salud, Jonatan Konfino; la subsecretaria de Atenci\u00f3n Primaria de la Salud, Soledad Bustos, y el coordinador de Descentralizaci\u00f3n de la Jefatura de Gabinete, Juli\u00e1n Bellido.<\/p>\n\n\n\n<p class=\"wp-block-paragraph\">La Jefa comunal agreg\u00f3: \u201cEstamos ante un aumento de contagios y ya comenzamos a transitar la segunda ola de esta pandemia. Necesitamos que el esfuerzo valga la pena y eso depende de nosotros. Volvamos a reforzar los cuidados, a respetar las medidas de prevenci\u00f3n para salir adelante con el compromiso y la responsabilidad de todos y todas\u00bb.<\/p>\n\n\n\n<p class=\"wp-block-paragraph\">Por su parte, el doctor Konfino inform\u00f3 que el centro que funciona en el CIC La Paz \u201ces uno de los 11 vacunatorios que tenemos en Quilmes que nos est\u00e1n permitiendo superar el ritmo de vacunaci\u00f3n en el distrito, donde hemos ya superado el 50% de la poblaci\u00f3n objetivo\u201d, y explic\u00f3 adem\u00e1s los casos de turnos vencidos: \u201cHoy tenemos nuevamente m\u00e1s de 500 turnos, m\u00e1s todas las personas que se acercan de manera espont\u00e1nea con turnos que se les perdieron o a los cuales no pudieron asistir en los d\u00edas previos, habida cuenta de la posibilidad que da la Provincia de que las personas con turno que no se vacunaron pueden concurrir al lugar de vacunaci\u00f3n\u201d.<\/p>\n\n\n\n<p class=\"wp-block-paragraph\">Una de las quilme\u00f1as que recibi\u00f3 su primera dosis, coment\u00f3: \u201cSoy Mar\u00eda Elena Arrieta, de Ezpeleta, y me vine a vacunar hoy porque hemos tenido muchos casos en la familia, muchas p\u00e9rdidas, y vacun\u00e1ndonos pienso que vamos a tener una peque\u00f1a dosis de seguridad, de que no nos vayamos a enfermar seriamente. Y a la edad m\u00eda, 74 a\u00f1os, siendo hipertensa, es una posibilidad de que se pase m\u00e1s r\u00e1pido\u201d.<\/p>\n\n\n\n<p class=\"wp-block-paragraph\">Quilmes es uno de los distritos de la provincia de Buenos Aires que se encuentran en Fase 3, con mayores restricciones por el aumento de contagios. De acuerdo a las normativas vigentes para extremar los cuidados, hasta el 30 de abril habr\u00e1 cierre de comercios en general entre las 20 y las 6; locales de gastronom\u00eda entre las 23 y las 6; prohibici\u00f3n de circular entre las 0 y las 6; suspensi\u00f3n de actividades sociales en domicilios particulares, reuniones sociales en espacios p\u00fablicos al aire libre hasta 20 personas, pr\u00e1ctica recreativa de cualquier deporte en lugares cerrados hasta 10 personas y transporte p\u00fablico solo para trabajadores esenciales, comunidad educativa y aquellos que fueron autorizados.<\/p>\n\n\n\n<p class=\"wp-block-paragraph\"><strong>Operativo de documentaci\u00f3n en el barrio IAPI<br><\/strong><br>Posteriormente, la intendenta Mayra Mendoza se dirigi\u00f3 al CIC IAPI, donde se realiz\u00f3 una jornada de documentaci\u00f3n, en el marco de la iniciativa local, Quilmes Cerca, a trav\u00e9s del programa del Ministerio de Gobierno de la Provincia de Buenos Aires \u201cMi Registro Mi Barrio\u201d, donde resalt\u00f3 la posibilidad de acercar los tr\u00e1mites de documentaci\u00f3n a los barrios.<\/p>\n\n\n\n<p class=\"wp-block-paragraph\">\u201cEstuvimos en el CIC IAPI donde se desarroll\u00f3 un operativo DNI, a partir de la articulaci\u00f3n con el Registro Provincial de las Personas. Estos operativos permiten que nuestra comunidad pueda realizar tr\u00e1mites de manera m\u00e1s f\u00e1cil y con mayor cercan\u00eda. Desde la Municipalidad de Quilmes seguimos trabajando para acercar las distintas pol\u00edticas impulsadas desde el Estado Nacional, Provincial y Municipal a nuestros vecinos y vecinas\u201d, sostuvo Mayra.<\/p>\n\n\n\n<p class=\"wp-block-paragraph\">Al respecto, el coordinador de Descentralizaci\u00f3n de la Jefatura de Gabinete, Juli\u00e1n Bellido, comunic\u00f3 que el Registro Provincial de las Personas realiz\u00f3 m\u00e1s de 1.200 documentos de identidad en los operativos desplegados esta semana tanto en el barrio La Matera y como en IAPI.<\/p>\n","protected":false},"excerpt":{"rendered":"<p>La intendenta<\/p>\n","protected":false},"author":1,"featured_media":39574,"comment_status":"open","ping_status":"open","sticky":false,"template":"","format":"standard","meta":{"footnotes":""},"categories":[1],"tags":[],"class_list":["post-2697","post","type-post","status-publish","format-standard","has-post-thumbnail","hentry","category-destacados"],"_links":{"self":[{"href":"https:\/\/panoramadelsur.com.ar\/index.php?rest_route=\/wp\/v2\/posts\/2697","targetHints":{"allow":["GET"]}}],"collection":[{"href":"https:\/\/panoramadelsur.com.ar\/index.php?rest_route=\/wp\/v2\/posts"}],"about":[{"href":"https:\/\/panoramadelsur.com.ar\/index.php?rest_route=\/wp\/v2\/types\/post"}],"author":[{"embeddable":true,"href":"https:\/\/panoramadelsur.com.ar\/index.php?rest_route=\/wp\/v2\/users\/1"}],"replies":[{"embeddable":true,"href":"https:\/\/panoramadelsur.com.ar\/index.php?rest_route=%2Fwp%2Fv2%2Fcomments&post=2697"}],"version-history":[{"count":1,"href":"https:\/\/panoramadelsur.com.ar\/index.php?rest_route=\/wp\/v2\/posts\/2697\/revisions"}],"predecessor-version":[{"id":2699,"href":"https:\/\/panoramadelsur.com.ar\/index.php?rest_route=\/wp\/v2\/posts\/2697\/revisions\/2699"}],"wp:featuredmedia":[{"embeddable":true,"href":"https:\/\/panoramadelsur.com.ar\/index.php?rest_route=\/wp\/v2\/media\/39574"}],"wp:attachment":[{"href":"https:\/\/panoramadelsur.com.ar\/index.php?rest_route=%2Fwp%2Fv2%2Fmedia&parent=2697"}],"wp:term":[{"taxonomy":"category","embeddable":true,"href":"https:\/\/panoramadelsur.com.ar\/index.php?rest_route=%2Fwp%2Fv2%2Fcategories&post=2697"},{"taxonomy":"post_tag","embeddable":true,"href":"https:\/\/panoramadelsur.com.ar\/index.php?rest_route=%2Fwp%2Fv2%2Ftags&post=2697"}],"curies":[{"name":"wp","href":"https:\/\/api.w.org\/{rel}","templated":true}]}}