{"id":2773,"date":"2021-04-14T01:05:00","date_gmt":"2021-04-14T01:05:00","guid":{"rendered":"http:\/\/panoramadelsur.com.ar\/?p=2773"},"modified":"2021-04-13T15:43:22","modified_gmt":"2021-04-13T15:43:22","slug":"economia-inicia-este-miercoles-el-cronograma-para-la-elaboracion-del-proyecto-de-presupuesto-2022","status":"publish","type":"post","link":"https:\/\/panoramadelsur.com.ar\/?p=2773","title":{"rendered":"Econom\u00eda inicia este mi\u00e9rcoles el cronograma para la elaboraci\u00f3n del proyecto de Presupuesto 2022"},"content":{"rendered":"\n<p class=\"wp-block-paragraph\">El Ministerio de Econom\u00eda estableci\u00f3 el cronograma del Presupuesto Nacional 2022 y del plurianual 2022-2024, cuyos env\u00edos en forma de proyectos de ley se fijaron para el 13 y el 15 de setiembre de este a\u00f1o, a trav\u00e9s de la Resoluci\u00f3n 186\/2021 publicada ayer en el Bolet\u00edn Oficial.<\/p>\n\n\n\n<p class=\"wp-block-paragraph\">La norma determina que el proceso, como es de rigor, se iniciar\u00e1 este mi\u00e9rcoles con la constituci\u00f3n del Grupo de Apoyo para la Elaboraci\u00f3n del Presupuesto (GAEP) por parte de la Subsecretar\u00eda de Presupuesto.<\/p>\n\n\n\n<p class=\"wp-block-paragraph\">Tambi\u00e9n este mi\u00e9rcoles comenzar\u00e1 la elaboraci\u00f3n de las instrucciones y asistencia t\u00e9cnica remota a las jurisdicciones y entidades de la Administraci\u00f3n P\u00fablica Nacional, que tendr\u00e1 a cargo la Oficina Nacional de Presupuesto.<\/p>\n\n\n\n<p class=\"wp-block-paragraph\">El jueves de esta semana se proceder\u00e1 a la elaboraci\u00f3n y presentaci\u00f3n de la informaci\u00f3n relativa a la planta ocupada de cargos y ejecuci\u00f3n mensual del gasto en personal en 2021 disponible en el Sistema Integrado de Recursos Humanos (Sirhu), correspondiente al sector p\u00fablico; y a la proyecci\u00f3n de las variables macroecon\u00f3micas para el per\u00edodo 2022-2024.<\/p>\n\n\n\n<p class=\"wp-block-paragraph\">Entre las principales actividades fijadas a continuaci\u00f3n, figuran para el 10 de mayo el proceso de descripci\u00f3n del escenario macroecon\u00f3mico y formulaci\u00f3n de los lineamientos generales de pol\u00edtica presupuestaria para la elaboraci\u00f3n del Informe de Avance del Proyecto de Presupuesto a ser enviado al Congreso y su inclusi\u00f3n en el informe a distribuir entre los organismos de la Administraci\u00f3n Nacional.<\/p>\n\n\n\n<p class=\"wp-block-paragraph\">El 9 de junio ser\u00e1 el turno de la elaboraci\u00f3n, revisi\u00f3n final y remisi\u00f3n del Informe de Avance del Proyecto de Presupuesto al Congreso; y el 10 de julio, de la aprobaci\u00f3n y comunicaci\u00f3n de los techos presupuestarios 2022, por parte de Jefatura de Gabinete.<\/p>\n\n\n\n<p class=\"wp-block-paragraph\">Para el 4 de agosto se prev\u00e9 la elaboraci\u00f3n de la versi\u00f3n definitiva del c\u00e1lculo del servicio de la deuda p\u00fablica interna y externa, y el perfil de vencimientos detallando concepto (intereses, amortizaciones, comisiones) y tipo de acreedor.<\/p>\n\n\n\n<p class=\"wp-block-paragraph\">En tanto, el env\u00edo al Congreso del proyecto de ley del Presupuesto Nacional 2022 se har\u00e1 el 13 de setiembre; y del plurianual 2022-2024, el 15 del mismo mes, tal como es de rigor.<\/p>\n","protected":false},"excerpt":{"rendered":"<p>El Ministerio<\/p>\n","protected":false},"author":1,"featured_media":39574,"comment_status":"open","ping_status":"open","sticky":false,"template":"","format":"standard","meta":{"footnotes":""},"categories":[4],"tags":[],"class_list":["post-2773","post","type-post","status-publish","format-standard","has-post-thumbnail","hentry","category-nacionales"],"_links":{"self":[{"href":"https:\/\/panoramadelsur.com.ar\/index.php?rest_route=\/wp\/v2\/posts\/2773","targetHints":{"allow":["GET"]}}],"collection":[{"href":"https:\/\/panoramadelsur.com.ar\/index.php?rest_route=\/wp\/v2\/posts"}],"about":[{"href":"https:\/\/panoramadelsur.com.ar\/index.php?rest_route=\/wp\/v2\/types\/post"}],"author":[{"embeddable":true,"href":"https:\/\/panoramadelsur.com.ar\/index.php?rest_route=\/wp\/v2\/users\/1"}],"replies":[{"embeddable":true,"href":"https:\/\/panoramadelsur.com.ar\/index.php?rest_route=%2Fwp%2Fv2%2Fcomments&post=2773"}],"version-history":[{"count":1,"href":"https:\/\/panoramadelsur.com.ar\/index.php?rest_route=\/wp\/v2\/posts\/2773\/revisions"}],"predecessor-version":[{"id":2774,"href":"https:\/\/panoramadelsur.com.ar\/index.php?rest_route=\/wp\/v2\/posts\/2773\/revisions\/2774"}],"wp:featuredmedia":[{"embeddable":true,"href":"https:\/\/panoramadelsur.com.ar\/index.php?rest_route=\/wp\/v2\/media\/39574"}],"wp:attachment":[{"href":"https:\/\/panoramadelsur.com.ar\/index.php?rest_route=%2Fwp%2Fv2%2Fmedia&parent=2773"}],"wp:term":[{"taxonomy":"category","embeddable":true,"href":"https:\/\/panoramadelsur.com.ar\/index.php?rest_route=%2Fwp%2Fv2%2Fcategories&post=2773"},{"taxonomy":"post_tag","embeddable":true,"href":"https:\/\/panoramadelsur.com.ar\/index.php?rest_route=%2Fwp%2Fv2%2Ftags&post=2773"}],"curies":[{"name":"wp","href":"https:\/\/api.w.org\/{rel}","templated":true}]}}