{"id":2789,"date":"2021-04-15T01:05:00","date_gmt":"2021-04-15T01:05:00","guid":{"rendered":"http:\/\/panoramadelsur.com.ar\/?p=2789"},"modified":"2021-04-13T16:56:35","modified_gmt":"2021-04-13T16:56:35","slug":"el-consejo-de-la-magistratura-trata-este-jueves-un-pedido-a-la-corte-para-que-declare-la-feria","status":"publish","type":"post","link":"https:\/\/panoramadelsur.com.ar\/?p=2789","title":{"rendered":"El Consejo de la Magistratura trata este jueves un pedido a la Corte para que declare la feria"},"content":{"rendered":"\n<p class=\"wp-block-paragraph\">El Consejo de la Magistratura tratar\u00e1 este jueves el pedido a la Corte Suprema de Justicia que propuso el vicepresidente del cuerpo, Alberto Lugones, para que se declare una feria judicial por \u201crazones de salud\u201d, ante el crecimiento de los casos de coronavirus en el pa\u00eds.<\/p>\n\n\n\n<p class=\"wp-block-paragraph\">Lugones propuso que se solicite a la Corte \u00abla suspensi\u00f3n de las actividades presenciales de todo el personal no esencial\u00bb.<\/p>\n\n\n\n<p class=\"wp-block-paragraph\">\u00abTodo ello en virtud de de la escalada de casos de la \u00faltima semana y ante la segunda ola del virus Covid-19\u00bb, reclam\u00f3 el juez penal.<\/p>\n\n\n\n<p class=\"wp-block-paragraph\">La comisi\u00f3n de labor del Consejo define el temario que luego tratar\u00e1 el plenario, compuesto por los treces miembros que representan a ambas c\u00e1maras del Congreso, a los jueces, al sector acad\u00e9mico y a los abogados.<\/p>\n\n\n\n<p class=\"wp-block-paragraph\">Por tratarse de una comunicaci\u00f3n no vinculante a la Corte, fuentes del Consejo consideraron \u201cresuelto\u201d de antemano el planteo, que llegar\u00eda as\u00ed a la Corte para que decida.<\/p>\n\n\n\n<p class=\"wp-block-paragraph\">Los miembros del m\u00e1ximo tribunal, a trav\u00e9s de varias acordadas, siguieron las directivas sanitarias del Ministerio de Salud en cuanto a aislamientos y cese de actividades presenciales, con lo cual se espera el mismo temperamento para esta segunda ola de Covid-19.<\/p>\n","protected":false},"excerpt":{"rendered":"<p>El Consejo<\/p>\n","protected":false},"author":1,"featured_media":39574,"comment_status":"open","ping_status":"open","sticky":false,"template":"","format":"standard","meta":{"footnotes":""},"categories":[4],"tags":[],"class_list":["post-2789","post","type-post","status-publish","format-standard","has-post-thumbnail","hentry","category-nacionales"],"_links":{"self":[{"href":"https:\/\/panoramadelsur.com.ar\/index.php?rest_route=\/wp\/v2\/posts\/2789","targetHints":{"allow":["GET"]}}],"collection":[{"href":"https:\/\/panoramadelsur.com.ar\/index.php?rest_route=\/wp\/v2\/posts"}],"about":[{"href":"https:\/\/panoramadelsur.com.ar\/index.php?rest_route=\/wp\/v2\/types\/post"}],"author":[{"embeddable":true,"href":"https:\/\/panoramadelsur.com.ar\/index.php?rest_route=\/wp\/v2\/users\/1"}],"replies":[{"embeddable":true,"href":"https:\/\/panoramadelsur.com.ar\/index.php?rest_route=%2Fwp%2Fv2%2Fcomments&post=2789"}],"version-history":[{"count":1,"href":"https:\/\/panoramadelsur.com.ar\/index.php?rest_route=\/wp\/v2\/posts\/2789\/revisions"}],"predecessor-version":[{"id":2791,"href":"https:\/\/panoramadelsur.com.ar\/index.php?rest_route=\/wp\/v2\/posts\/2789\/revisions\/2791"}],"wp:featuredmedia":[{"embeddable":true,"href":"https:\/\/panoramadelsur.com.ar\/index.php?rest_route=\/wp\/v2\/media\/39574"}],"wp:attachment":[{"href":"https:\/\/panoramadelsur.com.ar\/index.php?rest_route=%2Fwp%2Fv2%2Fmedia&parent=2789"}],"wp:term":[{"taxonomy":"category","embeddable":true,"href":"https:\/\/panoramadelsur.com.ar\/index.php?rest_route=%2Fwp%2Fv2%2Fcategories&post=2789"},{"taxonomy":"post_tag","embeddable":true,"href":"https:\/\/panoramadelsur.com.ar\/index.php?rest_route=%2Fwp%2Fv2%2Ftags&post=2789"}],"curies":[{"name":"wp","href":"https:\/\/api.w.org\/{rel}","templated":true}]}}