{"id":2809,"date":"2021-04-14T01:01:00","date_gmt":"2021-04-14T01:01:00","guid":{"rendered":"http:\/\/panoramadelsur.com.ar\/?p=2809"},"modified":"2021-04-14T00:57:50","modified_gmt":"2021-04-14T00:57:50","slug":"mientras-provincia-no-descarta-mas-restricciones-en-ciudad-no-ven-indicadores-para-nuevos-cierres","status":"publish","type":"post","link":"https:\/\/panoramadelsur.com.ar\/?p=2809","title":{"rendered":"Mientras Provincia no descarta m\u00e1s restricciones, en Ciudad no ven indicadores para nuevos cierres"},"content":{"rendered":"\n<p class=\"wp-block-paragraph\">La provincia de Buenos Aires no descarta tomar nuevas medidas restrictivas antes del 30 de abril ante el incremento exponencial de casos de coronavirus, mientras que el Gobierno porte\u00f1o insiste en que no se necesitan nuevas restricciones, pese al r\u00e9cord de contagios registrados en las \u00faltimas horas.<\/p>\n\n\n\n<p class=\"wp-block-paragraph\">El jefe de Gabinete bonaerense, Carlos Bianco, advirti\u00f3 ayer sobre la posibilidad de tomar nuevas medidas restrictivas antes del 30 de abril si los casos de coronavirus se incrementan en el distrito, pero destac\u00f3 que se continuar\u00e1 trabajando \u00aben coordinaci\u00f3n con el Gobierno nacional y la ciudad de Buenos Aires\u00bb.<\/p>\n\n\n\n<p class=\"wp-block-paragraph\">El 30 de abril vencen las medidas restrictivas decididas por el Gobierno nacional a trav\u00e9s de un Decreto de Necesidad y Urgencia (DNU) para frenar el salto que dieron los casos de coronavirus en lo que se considera ya la segunda ola de la pandemia.<\/p>\n\n\n\n<p class=\"wp-block-paragraph\">\u00abEstamos monitoreando la situaci\u00f3n d\u00eda por d\u00eda, la ocupaci\u00f3n de camas y el aumento de los casos de Covid-19\u00bb, explic\u00f3 el funcionario bonaerense durante una conferencia de prensa que brind\u00f3 junto al ministro de Salud, Daniel Gollan, en La Plata.<\/p>\n\n\n\n<p class=\"wp-block-paragraph\">En ese marco, Bianco reconoci\u00f3 que \u00aben cualquier momento se pueden definir medidas m\u00e1s restrictivas\u00bb en el marco de una segunda ola a la que defini\u00f3 nuevamente como un \u00abtsunami\u00bb.<\/p>\n\n\n\n<p class=\"wp-block-paragraph\">Con todo, el jefe de Gabinete expuso que \u00absi no es en coordinaci\u00f3n con el Gobierno nacional y CABA, el impacto\u00bb de eventuales medidas \u00abse limita\u00bb, por lo que marc\u00f3 la necesidad de que las medidas sean \u00absiempre consensuadas\u00bb.<\/p>\n\n\n\n<p class=\"wp-block-paragraph\">\u00abSi es necesario tomar alguna restricci\u00f3n adicional, lo vamos a hacer antes del 30 de abril\u00bb, reiter\u00f3 en alusi\u00f3n a la fecha en que finalizan las medidas dispuestas por el presidente Alberto Fern\u00e1ndez para minimizar la suba de casos en el marco de la segunda ola de coronavirus y apunt\u00f3: \u00abOjal\u00e1 no lo tengamos que hacer porque empiezan a caer los casos y porque no se saturan las camas\u00bb.<\/p>\n\n\n\n<p class=\"wp-block-paragraph\">Bianco resalt\u00f3 que \u00abel sistema privado de salud est\u00e1 saturado en CABA\u00bb y manifest\u00f3 que no desea \u00abcomparar\u00bb, sino que se advierta \u00abque si no se toman medidas, luego de 15 d\u00edas algo similar empieza a suceder en la provincia\u00bb.<\/p>\n\n\n\n<p class=\"wp-block-paragraph\">Por su parte, el jefe de Gabinete del Gobierno la Ciudad de Buenos Aires, Felipe Miguel, indic\u00f3 que en el distrito \u00abse va monitoreando la situaci\u00f3n todos los d\u00edas\u00bb y que \u00absi los indicadores m\u00e1s adelante concluyen que tenemos que tomar una nueva medida, la tomaremos\u00bb.<\/p>\n\n\n\n<p class=\"wp-block-paragraph\">\u00abVamos monitoreando todos los d\u00edas, no s\u00f3lo los contagios, sino la ocupaci\u00f3n de camas de terapia, las camas de internaci\u00f3n general, la ocupaci\u00f3n en el sistema de hoteles en la Ciudad y el nivel de testeos\u00bb, indic\u00f3 el funcionario en radio Rivadavia.<\/p>\n\n\n\n<p class=\"wp-block-paragraph\">Agreg\u00f3 que \u00abhay un trabajo diario tambi\u00e9n con el sector privado para aumentar las camas de terapia dedicadas exclusivamente a Covid\u00bb.<\/p>\n\n\n\n<p class=\"wp-block-paragraph\">Tambi\u00e9n explic\u00f3 que en la Ciudad \u00abse est\u00e1n realizando entre 20.000 y 24.000 testeos diarios, casi la mitad de todos los testeos a nivel pa\u00eds\u00bb y, en ese sentido, destac\u00f3 que \u00abes razonable que se detecten m\u00e1s casos\u00bb.<\/p>\n\n\n\n<p class=\"wp-block-paragraph\">Sobre las camas disponibles, indic\u00f3 que en el caso del sector p\u00fablico est\u00e1n en \u00abuna ocupaci\u00f3n aproximada del 50 por ciento\u00bb al tiempo que indic\u00f3 que siguen \u00abtrabajando en la liberaci\u00f3n de camas, ya que cuando el Covid hab\u00eda aflojado un poco se hab\u00edan dedicado a cirug\u00edas que en su momento fueron postergadas\u00bb.<\/p>\n\n\n\n<p class=\"wp-block-paragraph\">La postura adoptada por la Ciudad fue cuestionada por el senador nacional del Frente de Todos Mariano Recalde, quien asegur\u00f3 en un posteo por Twitter que \u00abhace 7 d\u00edas\u00bb el jefe de Gobierno porte\u00f1o Horacio Rodr\u00edguez Larreta \u00abfirm\u00f3 un comunicado contra las medidas de cuidado de la salud\u00bb.<\/p>\n\n\n\n<p class=\"wp-block-paragraph\">\u00abHoy -por ayer- la Ciudad tiene r\u00e9cord de casos y casi no hay camas en el sector privado. No hay tiempo para especulaciones electorales\u00bb, complet\u00f3.<\/p>\n\n\n\n<p class=\"wp-block-paragraph\">\u00abNada es m\u00e1s importante que cuidar a la gente. De eso se trata gobernar\u00bb, opin\u00f3 al respecto.<\/p>\n\n\n\n<p class=\"wp-block-paragraph\">En la noche del lunes, el comit\u00e9 de expertos que asesora al Gobierno recomend\u00f3 la aplicaci\u00f3n de medidas m\u00e1s restrictivas de circulaci\u00f3n en el AMBA y en las grandes ciudades del pa\u00eds, durante la reuni\u00f3n encabezada por el jefe de Gabinete, Santiago Cafiero.<\/p>\n\n\n\n<p class=\"wp-block-paragraph\">En la ma\u00f1ana de ayer, los m\u00e9dicos especialistas asesores del Gobierno nacional insistieron con la sugerencia de que se intensifiquen las restricciones para mitigar la segunda ola, incluso con una propuesta de suspensi\u00f3n de actividades a partir de las 18 si las actuales medidas no fueran suficientes, como as\u00ed tambi\u00e9n que se refuercen los controles en el transporte p\u00fablico y se posterguen cirug\u00edas no urgentes.<\/p>\n\n\n\n<p class=\"wp-block-paragraph\">\u00abPedimos que acompa\u00f1en las restricciones que ahora se han dispuesto porque, de lo contrario, vienen otras seguramente m\u00e1s profundas en las que tengamos, por ejemplo, que suspender todo desde las 18 horas\u00bb, dijo el infect\u00f3logo Tom\u00e1s Orduna en El Destape Radio.<\/p>\n\n\n\n<p class=\"wp-block-paragraph\">En tanto, Luis C\u00e1mera, m\u00e9dico cl\u00ednico integrante del comit\u00e9 que asesora al presidente Alberto Fern\u00e1ndez, sostuvo que es necesario \u00abvigilar el movimiento de la gente, uso masivo del barbijo permanentemente, controlar las fiestas, hacer escalamiento de reuniones sociales para restringirlas lo m\u00e1s que se pueda y mejorar el manejo del transporte p\u00fablico, porque hay momentos que se pone complicado\u00bb.<\/p>\n\n\n\n<p class=\"wp-block-paragraph\">Los \u00faltimos datos oficiales sobre la evoluci\u00f3n de la pandemia marcan que en las \u00faltimas 24 horas se registraron 19.437 casos, lo que lleva el total de casos confirmados a 2.551.999 (246.918 casos confirmados activos y 2.247.124 pacientes recuperados).<\/p>\n","protected":false},"excerpt":{"rendered":"<p>La provincia<\/p>\n","protected":false},"author":1,"featured_media":39574,"comment_status":"open","ping_status":"open","sticky":false,"template":"","format":"standard","meta":{"footnotes":""},"categories":[10,5],"tags":[],"class_list":["post-2809","post","type-post","status-publish","format-standard","has-post-thumbnail","hentry","category-mas-noticias","category-provincia"],"_links":{"self":[{"href":"https:\/\/panoramadelsur.com.ar\/index.php?rest_route=\/wp\/v2\/posts\/2809","targetHints":{"allow":["GET"]}}],"collection":[{"href":"https:\/\/panoramadelsur.com.ar\/index.php?rest_route=\/wp\/v2\/posts"}],"about":[{"href":"https:\/\/panoramadelsur.com.ar\/index.php?rest_route=\/wp\/v2\/types\/post"}],"author":[{"embeddable":true,"href":"https:\/\/panoramadelsur.com.ar\/index.php?rest_route=\/wp\/v2\/users\/1"}],"replies":[{"embeddable":true,"href":"https:\/\/panoramadelsur.com.ar\/index.php?rest_route=%2Fwp%2Fv2%2Fcomments&post=2809"}],"version-history":[{"count":1,"href":"https:\/\/panoramadelsur.com.ar\/index.php?rest_route=\/wp\/v2\/posts\/2809\/revisions"}],"predecessor-version":[{"id":2811,"href":"https:\/\/panoramadelsur.com.ar\/index.php?rest_route=\/wp\/v2\/posts\/2809\/revisions\/2811"}],"wp:featuredmedia":[{"embeddable":true,"href":"https:\/\/panoramadelsur.com.ar\/index.php?rest_route=\/wp\/v2\/media\/39574"}],"wp:attachment":[{"href":"https:\/\/panoramadelsur.com.ar\/index.php?rest_route=%2Fwp%2Fv2%2Fmedia&parent=2809"}],"wp:term":[{"taxonomy":"category","embeddable":true,"href":"https:\/\/panoramadelsur.com.ar\/index.php?rest_route=%2Fwp%2Fv2%2Fcategories&post=2809"},{"taxonomy":"post_tag","embeddable":true,"href":"https:\/\/panoramadelsur.com.ar\/index.php?rest_route=%2Fwp%2Fv2%2Ftags&post=2809"}],"curies":[{"name":"wp","href":"https:\/\/api.w.org\/{rel}","templated":true}]}}