{"id":2868,"date":"2021-04-15T01:02:00","date_gmt":"2021-04-15T01:02:00","guid":{"rendered":"http:\/\/panoramadelsur.com.ar\/?p=2868"},"modified":"2021-04-15T01:18:04","modified_gmt":"2021-04-15T01:18:04","slug":"mayra-mendoza-superviso-el-lanzamiento-de-la-campana-de-vacunacion-antigripal-en-quilmes","status":"publish","type":"post","link":"https:\/\/panoramadelsur.com.ar\/?p=2868","title":{"rendered":"Mayra Mendoza supervis\u00f3 el lanzamiento de la campa\u00f1a de vacunaci\u00f3n antigripal en Quilmes"},"content":{"rendered":"\n<p class=\"wp-block-paragraph\">La intendenta de Quilmes, Mayra Mendoza, supervis\u00f3 el lanzamiento de la campa\u00f1a de vacunaci\u00f3n antigripal en el distrito, en un operativo que se desarroll\u00f3 en el Centro de Atenci\u00f3n Primaria en Salud (CAPS) Bernardo Houssay, ubicado en Paz 270 casi esquina Alberdi, de Quilmes Centro.<\/p>\n\n\n\n<p class=\"wp-block-paragraph\">\u201cRecorrimos la unidad sanitaria Bernardo Houssay para supervisar el inicio de la campa\u00f1a de vacunaci\u00f3n antigripal que se lanz\u00f3 en las \u00faltimas horas a nivel nacional. Este a\u00f1o, estos operativos se desarrollan en simult\u00e1neo al plan de vacunaci\u00f3n contra el coronavirus, representando un enorme desaf\u00edo para el personal de salud que trabaja incansablemente. La vacuna antigripal permite reducir las complicaciones ocasionadas por el virus influenza en nuestro pa\u00eds\u201d, sostuvo Mayra, acompa\u00f1ada por el secretario de Salud local, doctor Jonatan Konfino.<\/p>\n\n\n\n<p class=\"wp-block-paragraph\">En este marco, la Jefa comunal insisti\u00f3 en remarcar que los quilme\u00f1os y quilme\u00f1as respeten las restricciones y cumplan con los protocolos: \u201cEs fundamental que en este contexto nos cuidemos m\u00e1s que nunca, que nos quedemos en casa y reforcemos las medidas de cuidado. Salir adelante depende de todos y todas\u201d.<\/p>\n\n\n\n<p class=\"wp-block-paragraph\">Por su parte, el doctor Konfino, se\u00f1al\u00f3: \u201c&#8230; dimos inicio a la campa\u00f1a de vacunaci\u00f3n antigripal con el objetivo de reducir las complicaciones, hospitalizaciones, muertes y secuelas ocasionadas por la infecci\u00f3n por el virus influenza (gripe)\u201d.<\/p>\n\n\n\n<p class=\"wp-block-paragraph\">La vacunaci\u00f3n antigripal es gratuita y est\u00e1 destinada a: personal de salud; embarazadas: en cada embarazo y en cualquier trimestre de la gestaci\u00f3n; pu\u00e9rperas: hasta 10 d\u00edas posteriores al parto, si no recibi\u00f3 la vacuna durante el embarazo; ni\u00f1os de 6 a 24 meses de edad; personas entre los 2 y 64 a\u00f1os que tengan factores de riesgo (con orden m\u00e9dica): enfermedades respiratorias, card\u00edacas, inmunodeficiencias, enfermedades onco-hematol\u00f3gicas, pacientes trasplantados, personas con obesidad, diabetes, insuficiencia renal, retraso madurativo, s\u00edndromes gen\u00e9ticos, convivientes de personas con inmunocompromiso; personas de 65 a\u00f1os y mayores; y personal estrat\u00e9gico: los mismos grupos establecidos para la vacuna contra COVID-19.<\/p>\n\n\n\n<p class=\"wp-block-paragraph\">De acuerdo a los lineamientos, se inici\u00f3 la campa\u00f1a con personal de salud. En Quilmes se recibieron 15 mil dosis de vacuna antigripal y a menos de 24 horas de haberlas recibido y para agilizar la campa\u00f1a, se dispusieron primeramente 5 vacunatorios. En pocos d\u00edas se sumar\u00e1 el resto de los centros de salud del distrito. En esta primera etapa, para inmunizar al personal de salud del municipio, est\u00e1n estas sedes:<br>-Hospital Subzonal Materno Infrantil Dr. Eduardo Oller (avenida 844 N\u00ba 2100, de San Francisco Solano), de 6 a 19.<br>-Centro Integral de Salud, Diagn\u00f3stico y Rehabilitaci\u00f3n Julio M\u00e9ndez (9 de Julio 264, de Bernal Centro), de 9 a 12 y de 13.15 a 18.<br>-Instituto Municipal de Medicina Preventiva Dr. Ram\u00f3n Carrillo &#8211; ex Dispensario (Marcelo T. de Alvear esquina Islas Malvinas, de Quilmes Oeste), de 8 a 18.<br>-Centro Integrador Comunitario 2 de Abril (Florida 1849, entre Mart\u00edn Rodr\u00edguez y Necochea, de Ezpeleta Oeste), de 8.30 a 14.<br>-CAPS Bernardo Houssay (Alberdi 270 casi esquina Paz, de Quilmes Centro), de 8.30 a 16.30.<\/p>\n\n\n\n<p class=\"wp-block-paragraph\">En las \u00faltimas horas se lanz\u00f3 el plan Nacional y el Provincial de vacunaci\u00f3n antigripal. La coadministraci\u00f3n de las vacunas contra COVID-19 con otras vacunas del Calendario Nacional como la antigripal, no ha sido evaluada. Por este motivo se recomienda respetar un intervalo de 14 d\u00edas con la aplicaci\u00f3n de otras vacunas.<\/p>\n\n\n\n<p class=\"wp-block-paragraph\">En pacientes con diagn\u00f3stico de COVID-19 se recomienda posponer la vacunaci\u00f3n hasta luego de 14 d\u00edas de la fecha de inicio de los s\u00edntomas o bien hasta la recuperaci\u00f3n cl\u00ednica, con el objetivo de evitar la propagaci\u00f3n de la enfermedad. En el caso de los contactos estrechos de casos confirmados, vacunar luego de completar los 14 d\u00edas de aislamiento.<\/p>\n","protected":false},"excerpt":{"rendered":"<p>La intendenta<\/p>\n","protected":false},"author":1,"featured_media":39574,"comment_status":"open","ping_status":"open","sticky":false,"template":"","format":"standard","meta":{"footnotes":""},"categories":[1,2],"tags":[],"class_list":["post-2868","post","type-post","status-publish","format-standard","has-post-thumbnail","hentry","category-destacados","category-quilmes"],"_links":{"self":[{"href":"https:\/\/panoramadelsur.com.ar\/index.php?rest_route=\/wp\/v2\/posts\/2868","targetHints":{"allow":["GET"]}}],"collection":[{"href":"https:\/\/panoramadelsur.com.ar\/index.php?rest_route=\/wp\/v2\/posts"}],"about":[{"href":"https:\/\/panoramadelsur.com.ar\/index.php?rest_route=\/wp\/v2\/types\/post"}],"author":[{"embeddable":true,"href":"https:\/\/panoramadelsur.com.ar\/index.php?rest_route=\/wp\/v2\/users\/1"}],"replies":[{"embeddable":true,"href":"https:\/\/panoramadelsur.com.ar\/index.php?rest_route=%2Fwp%2Fv2%2Fcomments&post=2868"}],"version-history":[{"count":1,"href":"https:\/\/panoramadelsur.com.ar\/index.php?rest_route=\/wp\/v2\/posts\/2868\/revisions"}],"predecessor-version":[{"id":2870,"href":"https:\/\/panoramadelsur.com.ar\/index.php?rest_route=\/wp\/v2\/posts\/2868\/revisions\/2870"}],"wp:featuredmedia":[{"embeddable":true,"href":"https:\/\/panoramadelsur.com.ar\/index.php?rest_route=\/wp\/v2\/media\/39574"}],"wp:attachment":[{"href":"https:\/\/panoramadelsur.com.ar\/index.php?rest_route=%2Fwp%2Fv2%2Fmedia&parent=2868"}],"wp:term":[{"taxonomy":"category","embeddable":true,"href":"https:\/\/panoramadelsur.com.ar\/index.php?rest_route=%2Fwp%2Fv2%2Fcategories&post=2868"},{"taxonomy":"post_tag","embeddable":true,"href":"https:\/\/panoramadelsur.com.ar\/index.php?rest_route=%2Fwp%2Fv2%2Ftags&post=2868"}],"curies":[{"name":"wp","href":"https:\/\/api.w.org\/{rel}","templated":true}]}}