{"id":2874,"date":"2021-04-15T01:04:00","date_gmt":"2021-04-15T01:04:00","guid":{"rendered":"http:\/\/panoramadelsur.com.ar\/?p=2874"},"modified":"2021-04-15T02:02:00","modified_gmt":"2021-04-15T02:02:00","slug":"comienzan-a-acreditar-desde-este-jueves-la-tarjeta-alimentar-de-abril","status":"publish","type":"post","link":"https:\/\/panoramadelsur.com.ar\/?p=2874","title":{"rendered":"Comienzan a acreditar desde este jueves la Tarjeta Alimentar de abril"},"content":{"rendered":"\n<p class=\"wp-block-paragraph\">El cronograma de pagos para la Tarjeta Alimentar de este mes se concretar\u00e1 entre este jueves y el viernes 23 de abril, inform\u00f3 el Ministerio de Desarrollo Social.<\/p>\n\n\n\n<p class=\"wp-block-paragraph\">La cartera a cargo de Daniel Arroyo comunic\u00f3 que el monto total mensual se les acreditar\u00e1 el pr\u00f3ximo viernes 16 de abril a quienes poseen la tarjeta en forma f\u00edsica, mientras que los cobros a trav\u00e9s de la Asignaci\u00f3n Universal por Hijo (AUH) se realizar\u00e1n en las siguientes fechas:<\/p>\n\n\n\n<p class=\"wp-block-paragraph\">Documentos terminados del 0 al 3: Jueves 15 de abril.<\/p>\n\n\n\n<p class=\"wp-block-paragraph\">Documentos terminados en 4: Viernes 16 de abril.<\/p>\n\n\n\n<p class=\"wp-block-paragraph\">Documentos terminados en 5: Lunes 19 de abril.<\/p>\n\n\n\n<p class=\"wp-block-paragraph\">Documentos terminados en 6: Martes 20 de abril.<\/p>\n\n\n\n<p class=\"wp-block-paragraph\">Documentos terminados en 7: Mi\u00e9rcoles 21 de abril.<\/p>\n\n\n\n<p class=\"wp-block-paragraph\">Documentos terminados en 8: Jueves 22 de abril.<\/p>\n\n\n\n<p class=\"wp-block-paragraph\">Documentos terminados en 9: Viernes 23 de abril.<\/p>\n\n\n\n<p class=\"wp-block-paragraph\">La tarjeta permite comprar todo tipo de alimentos y desde febrero \u00faltimo los montos se acreditan con aumentos del 50%: se estableci\u00f3 un monto de 6000 pesos para quienes tienen un hijo y pas\u00f3 a ser de 9000 pesos para quienes tengan dos o m\u00e1s hijos.<\/p>\n\n\n\n<p class=\"wp-block-paragraph\">\u00abEs una pol\u00edtica que apunta a garantizar la seguridad alimentaria de la primera infancia, mejorar la calidad nutricional e impulsar el compre local. Representa una inversi\u00f3n mensual de m\u00e1s de 10 mil millones de pesos que se vuelca en todo el pa\u00eds, generando un movimiento econ\u00f3mico que potencia a productores y comercios locales\u00bb, se\u00f1al\u00f3 Arroyo en un comunicado.<\/p>\n\n\n\n<p class=\"wp-block-paragraph\">La tarjeta Alimentar est\u00e1 destinada a padres con hijos de hasta 6 a\u00f1os que reciben la AUH, embarazadas a partir de los tres meses que cobran la Asignaci\u00f3n por Embarazo y personas con discapacidad que reciben la AUH.<\/p>\n","protected":false},"excerpt":{"rendered":"<p>El cronograma<\/p>\n","protected":false},"author":1,"featured_media":39574,"comment_status":"open","ping_status":"open","sticky":false,"template":"","format":"standard","meta":{"footnotes":""},"categories":[8],"tags":[],"class_list":["post-2874","post","type-post","status-publish","format-standard","has-post-thumbnail","hentry","category-para-agendar"],"_links":{"self":[{"href":"https:\/\/panoramadelsur.com.ar\/index.php?rest_route=\/wp\/v2\/posts\/2874","targetHints":{"allow":["GET"]}}],"collection":[{"href":"https:\/\/panoramadelsur.com.ar\/index.php?rest_route=\/wp\/v2\/posts"}],"about":[{"href":"https:\/\/panoramadelsur.com.ar\/index.php?rest_route=\/wp\/v2\/types\/post"}],"author":[{"embeddable":true,"href":"https:\/\/panoramadelsur.com.ar\/index.php?rest_route=\/wp\/v2\/users\/1"}],"replies":[{"embeddable":true,"href":"https:\/\/panoramadelsur.com.ar\/index.php?rest_route=%2Fwp%2Fv2%2Fcomments&post=2874"}],"version-history":[{"count":1,"href":"https:\/\/panoramadelsur.com.ar\/index.php?rest_route=\/wp\/v2\/posts\/2874\/revisions"}],"predecessor-version":[{"id":2876,"href":"https:\/\/panoramadelsur.com.ar\/index.php?rest_route=\/wp\/v2\/posts\/2874\/revisions\/2876"}],"wp:featuredmedia":[{"embeddable":true,"href":"https:\/\/panoramadelsur.com.ar\/index.php?rest_route=\/wp\/v2\/media\/39574"}],"wp:attachment":[{"href":"https:\/\/panoramadelsur.com.ar\/index.php?rest_route=%2Fwp%2Fv2%2Fmedia&parent=2874"}],"wp:term":[{"taxonomy":"category","embeddable":true,"href":"https:\/\/panoramadelsur.com.ar\/index.php?rest_route=%2Fwp%2Fv2%2Fcategories&post=2874"},{"taxonomy":"post_tag","embeddable":true,"href":"https:\/\/panoramadelsur.com.ar\/index.php?rest_route=%2Fwp%2Fv2%2Ftags&post=2874"}],"curies":[{"name":"wp","href":"https:\/\/api.w.org\/{rel}","templated":true}]}}