{"id":2880,"date":"2021-04-15T01:04:00","date_gmt":"2021-04-15T01:04:00","guid":{"rendered":"http:\/\/panoramadelsur.com.ar\/?p=2880"},"modified":"2021-04-15T04:19:15","modified_gmt":"2021-04-15T04:19:15","slug":"mayra-mendoza-participo-de-la-presentacion-de-la-nueva-linea-de-provincia-leasing-para-municipios","status":"publish","type":"post","link":"https:\/\/panoramadelsur.com.ar\/?p=2880","title":{"rendered":"Mayra Mendoza particip\u00f3 de la presentaci\u00f3n de la nueva l\u00ednea de Provincia Leasing para municipios"},"content":{"rendered":"\n<p class=\"wp-block-paragraph\">La intendenta de Quilmes, Mayra Mendoza, particip\u00f3 del encuentro virtual que encabez\u00f3 el gobernador de la provincia de Buenos Aires, Axel Kicillof, junto al presidente del Banco Provincia, Juan Cuattromo, y al ministro de Hacienda y Finanzas, Pablo L\u00f3pez, en el que present\u00f3 la nueva l\u00ednea de leasing para la adquisici\u00f3n de bienes de capital. El anuncio se realiz\u00f3 mediante una videoconferencia en el Banco Provincia en la que participaron la presidenta de Provincia Leasing, Valeria Dallera; el vicepresidente de Grupo Provincia, Ariel Lieutier; intendentes y representantes de los 135 municipios.<\/p>\n\n\n\n<p class=\"wp-block-paragraph\">\u201cEstas iniciativas son muy importantes para que en nuestros distritos podamos seguir equip\u00e1ndonos e impulsando nuevas pol\u00edticas que mejoren la calidad de vida de nuestra comunidad\u201d, afirm\u00f3 Mayra.<br><br>Esta l\u00ednea de financiamiento tiene como objetivo principal profundizar la mejora de capacidades frente a la pandemia y aportar a la recuperaci\u00f3n de los municipios bonaerenses. Apunta a la adquisici\u00f3n de bienes de capital relacionados a equipamientos para la salud, seguridad y servicios urbanos y tambi\u00e9n maquinaria para la obra p\u00fablica municipal, entre otras herramientas. Los bienes podr\u00e1n adquirirse a 36, 48 y 61 meses con tasas desde BADLAR + 9 puntos y los municipios podr\u00e1n solicitarla hasta el 31 de diciembre de 2021.<\/p>\n\n\n\n<p class=\"wp-block-paragraph\">En ese marco, Kicillof se\u00f1al\u00f3 que \u201cesta l\u00ednea sigue en sinton\u00eda con la que lanzamos el a\u00f1o pasado para la inversi\u00f3n en maquinaria destinada a la obra p\u00fablica y bienes de capital, y que se ampli\u00f3 para la adquisici\u00f3n de equipos de testeos, tom\u00f3grafos y prestaciones necesarias para cuidar la salud de las y los bonaerenses durante la pandemia\u201d.<\/p>\n\n\n\n<p class=\"wp-block-paragraph\">\u201cEl Banco Provincia no solo ha vuelto a establecer como sus prioridades al crecimiento y al desarrollo productivo, sino que lo ha hecho con celeridad en el marco de una situaci\u00f3n muy dif\u00edcil\u201d, subray\u00f3 el Gobernador y a\u00f1adi\u00f3: \u201cEl Banco volvi\u00f3 a liderar el cr\u00e9dito y el protagonismo en t\u00e9rminos productivos, recuperando el rol que hab\u00eda abandonado para acompa\u00f1ar con financiamiento a los gobiernos municipales\u201d.<\/p>\n\n\n\n<p class=\"wp-block-paragraph\">Durante 2020, Provincia Leasing destin\u00f3 m\u00e1s de $1.000 millones mediante una l\u00ednea de leasing que alcanz\u00f3 a 69 municipios de la provincia de Buenos Aires.<\/p>\n","protected":false},"excerpt":{"rendered":"<p>La intendenta<\/p>\n","protected":false},"author":1,"featured_media":39574,"comment_status":"open","ping_status":"open","sticky":false,"template":"","format":"standard","meta":{"footnotes":""},"categories":[1,2],"tags":[],"class_list":["post-2880","post","type-post","status-publish","format-standard","has-post-thumbnail","hentry","category-destacados","category-quilmes"],"_links":{"self":[{"href":"https:\/\/panoramadelsur.com.ar\/index.php?rest_route=\/wp\/v2\/posts\/2880","targetHints":{"allow":["GET"]}}],"collection":[{"href":"https:\/\/panoramadelsur.com.ar\/index.php?rest_route=\/wp\/v2\/posts"}],"about":[{"href":"https:\/\/panoramadelsur.com.ar\/index.php?rest_route=\/wp\/v2\/types\/post"}],"author":[{"embeddable":true,"href":"https:\/\/panoramadelsur.com.ar\/index.php?rest_route=\/wp\/v2\/users\/1"}],"replies":[{"embeddable":true,"href":"https:\/\/panoramadelsur.com.ar\/index.php?rest_route=%2Fwp%2Fv2%2Fcomments&post=2880"}],"version-history":[{"count":1,"href":"https:\/\/panoramadelsur.com.ar\/index.php?rest_route=\/wp\/v2\/posts\/2880\/revisions"}],"predecessor-version":[{"id":2882,"href":"https:\/\/panoramadelsur.com.ar\/index.php?rest_route=\/wp\/v2\/posts\/2880\/revisions\/2882"}],"wp:featuredmedia":[{"embeddable":true,"href":"https:\/\/panoramadelsur.com.ar\/index.php?rest_route=\/wp\/v2\/media\/39574"}],"wp:attachment":[{"href":"https:\/\/panoramadelsur.com.ar\/index.php?rest_route=%2Fwp%2Fv2%2Fmedia&parent=2880"}],"wp:term":[{"taxonomy":"category","embeddable":true,"href":"https:\/\/panoramadelsur.com.ar\/index.php?rest_route=%2Fwp%2Fv2%2Fcategories&post=2880"},{"taxonomy":"post_tag","embeddable":true,"href":"https:\/\/panoramadelsur.com.ar\/index.php?rest_route=%2Fwp%2Fv2%2Ftags&post=2880"}],"curies":[{"name":"wp","href":"https:\/\/api.w.org\/{rel}","templated":true}]}}