{"id":2919,"date":"2021-04-19T01:05:00","date_gmt":"2021-04-19T01:05:00","guid":{"rendered":"http:\/\/panoramadelsur.com.ar\/?p=2919"},"modified":"2021-04-15T22:36:42","modified_gmt":"2021-04-15T22:36:42","slug":"diputados-iniciara-el-lunes-analisis-en-comision-de-proyecto-de-impuesto-a-las-ganancias-de-empresas","status":"publish","type":"post","link":"https:\/\/panoramadelsur.com.ar\/?p=2919","title":{"rendered":"Diputados iniciar\u00e1 el lunes an\u00e1lisis en comisi\u00f3n de proyecto de impuesto a las Ganancias de empresas"},"content":{"rendered":"\n<p class=\"wp-block-paragraph\">La comisi\u00f3n de Presupuesto y Hacienda de la C\u00e1mara de Diputados iniciar\u00e1 este lunes el an\u00e1lisis del proyecto de que busca introducir una modificaci\u00f3n en la Ley de Impuesto a las Ganancias para reducir las al\u00edcuotas que deber\u00e1n pagar las sociedades comerciales, en una reuni\u00f3n en la que expondr\u00e1n funcionarios del Poder Ejecutivo.<\/p>\n\n\n\n<p class=\"wp-block-paragraph\">La titular de la Administraci\u00f3n Federal de Ingresos Publicos (Afip), Mercedes Marc\u00f3 del Pont, y el secretario de Pol\u00edticas Tributarias del Ministerio de Econom\u00eda, Roberto Arias, ser\u00e1n quienes expongan los detalles de la iniciativa que busca beneficiar a m\u00e1s del 90% de las peque\u00f1as y medianas empresas.<\/p>\n\n\n\n<p class=\"wp-block-paragraph\">El proyecto enviado por el Poder Ejecutivo al Parlamento el viernes 9 de abril, modifica la el texto original presentado en marzo, con la propuesta de una estructura de al\u00edcuotas escalonadas con tres segmentos en funci\u00f3n del nivel de ganancia neta imponible acumulada.<\/p>\n\n\n\n<p class=\"wp-block-paragraph\">La reuni\u00f3n informativa de este lunes, convocada para las 14 a trav\u00e9s del sistema de videoconferencia, marcar\u00e1 el inicio del tratamiento del proyecto en la comisi\u00f3n que preside el oficialista Carlos Heller.<\/p>\n\n\n\n<p class=\"wp-block-paragraph\">El texto elaborado por el Poder Ejecutivo establece un primer escal\u00f3n de 25% para ganancias netas acumuladas de hasta $5 millones, al\u00edcuota que no s\u00f3lo abarcar\u00e1 a las pymes sino tambi\u00e9n a la mayor\u00eda de las medianas empresas.<\/p>\n\n\n\n<p class=\"wp-block-paragraph\">El segundo escal\u00f3n de 30% para ganancias netas acumuladas de m\u00e1s de $5 millones y hasta $20 millones y un \u00faltimo segmento de 35% para ganancias netas acumuladas superiores a $20 millones.<\/p>\n\n\n\n<p class=\"wp-block-paragraph\">Los dividendos distribuidos pagar\u00e1n en todos los casos la al\u00edcuota de 7%, a trav\u00e9s del impuesto cedular vigente.<\/p>\n\n\n\n<p class=\"wp-block-paragraph\">\u00abEste esquema que permite reducir el impuesto que pagar\u00e1n las empresas de menores beneficios y mantenerlo para las de un tramo intermedio (que quedan en 30%); mientras que s\u00f3lo se aumenta para empresas con beneficios m\u00e1s grandes\u00bb, sostiene el proyecto en sus fundamentos.<\/p>\n\n\n\n<p class=\"wp-block-paragraph\">Con este nuevo esquema, el 90% de las empresas pagar\u00e1n una al\u00edcuota del Impuesto a las Ganancias m\u00e1s baja que la vigente en el per\u00edodo fiscal 2020.<\/p>\n\n\n\n<p class=\"wp-block-paragraph\">De este modo, \u00abse le da una orientaci\u00f3n de pol\u00edtica p\u00fablica muy diferente a la concebida en la reforma de 2017\u00bb, que preve\u00eda una reducci\u00f3n de al\u00edcuota a 25% para todas las empresas y se reserva esta tasa menor a aquellas sociedades que obtienen un nivel de renta de hasta $5 millones anuales de ganancia neta imponible.<\/p>\n\n\n\n<p class=\"wp-block-paragraph\">Como el proyecto incorpora la aplicaci\u00f3n de al\u00edcuotas marginales o sobre el excedente, las empresas que arrojen beneficios acumulados gravados superiores a $5 millones anuales pagar\u00e1n una tasa de 30% por los montos excedentes de esa cifra y pasar\u00e1n a abonar la al\u00edcuota de 35% por las rentas adicionales a $20 millones anuales.<\/p>\n\n\n\n<p class=\"wp-block-paragraph\">Seg\u00fan el Poder Ejecutivo, \u00abel uso de tasas marginales evita el incentivo a la subdeclaraci\u00f3n, porque pasar de un tramo a otro solo da como resultado pagar la tasa m\u00e1s alta por el monto excedente y no por la totalidad como sucede con las tasas directas o plenas\u00bb.<\/p>\n","protected":false},"excerpt":{"rendered":"<p>La comisi\u00f3n<\/p>\n","protected":false},"author":1,"featured_media":39574,"comment_status":"open","ping_status":"open","sticky":false,"template":"","format":"standard","meta":{"footnotes":""},"categories":[4],"tags":[],"class_list":["post-2919","post","type-post","status-publish","format-standard","has-post-thumbnail","hentry","category-nacionales"],"_links":{"self":[{"href":"https:\/\/panoramadelsur.com.ar\/index.php?rest_route=\/wp\/v2\/posts\/2919","targetHints":{"allow":["GET"]}}],"collection":[{"href":"https:\/\/panoramadelsur.com.ar\/index.php?rest_route=\/wp\/v2\/posts"}],"about":[{"href":"https:\/\/panoramadelsur.com.ar\/index.php?rest_route=\/wp\/v2\/types\/post"}],"author":[{"embeddable":true,"href":"https:\/\/panoramadelsur.com.ar\/index.php?rest_route=\/wp\/v2\/users\/1"}],"replies":[{"embeddable":true,"href":"https:\/\/panoramadelsur.com.ar\/index.php?rest_route=%2Fwp%2Fv2%2Fcomments&post=2919"}],"version-history":[{"count":1,"href":"https:\/\/panoramadelsur.com.ar\/index.php?rest_route=\/wp\/v2\/posts\/2919\/revisions"}],"predecessor-version":[{"id":2920,"href":"https:\/\/panoramadelsur.com.ar\/index.php?rest_route=\/wp\/v2\/posts\/2919\/revisions\/2920"}],"wp:featuredmedia":[{"embeddable":true,"href":"https:\/\/panoramadelsur.com.ar\/index.php?rest_route=\/wp\/v2\/media\/39574"}],"wp:attachment":[{"href":"https:\/\/panoramadelsur.com.ar\/index.php?rest_route=%2Fwp%2Fv2%2Fmedia&parent=2919"}],"wp:term":[{"taxonomy":"category","embeddable":true,"href":"https:\/\/panoramadelsur.com.ar\/index.php?rest_route=%2Fwp%2Fv2%2Fcategories&post=2919"},{"taxonomy":"post_tag","embeddable":true,"href":"https:\/\/panoramadelsur.com.ar\/index.php?rest_route=%2Fwp%2Fv2%2Ftags&post=2919"}],"curies":[{"name":"wp","href":"https:\/\/api.w.org\/{rel}","templated":true}]}}