{"id":2965,"date":"2021-04-19T01:04:00","date_gmt":"2021-04-19T01:04:00","guid":{"rendered":"http:\/\/panoramadelsur.com.ar\/?p=2965"},"modified":"2021-04-16T06:52:34","modified_gmt":"2021-04-16T06:52:34","slug":"la-afip-extiende-hasta-el-31-de-mayo-el-plazo-para-registrar-contratos-de-alquiler-de-inmuebles","status":"publish","type":"post","link":"https:\/\/panoramadelsur.com.ar\/?p=2965","title":{"rendered":"La AFIP extiende hasta el 31 de mayo el plazo para registrar contratos de alquiler de inmuebles"},"content":{"rendered":"\n<p class=\"wp-block-paragraph\">La Administraci\u00f3n Federal de Ingresos P\u00fablicos (AFIP) anunci\u00f3 la prorroga hasta el 31 de mayo, inclusive, del plazo para registrar los contratos de alquiler de inmuebles celebrados entre el 1 de julio de 2020 y el 15 de mayo de 2021 que contin\u00faen vigentes.<\/p>\n\n\n\n<p class=\"wp-block-paragraph\">Las fechas rigen para los contratos de locaci\u00f3n urbanos, rurales o temporales, as\u00ed como tambi\u00e9n para las sublocaciones y los subarriendos.<\/p>\n\n\n\n<p class=\"wp-block-paragraph\">Los contratos que sean celebrados despu\u00e9s del 15 de mayo de 2021 deber\u00e1n registrarse en el sitio web de la AFIP dentro de los 15 d\u00edas corridos posteriores al acto.<\/p>\n\n\n\n<p class=\"wp-block-paragraph\">El plazo para informar estas operaciones rige tanto para cuando se suscriba un nuevo contrato de locaci\u00f3n o arrendamiento como para cuando se modifique uno ya existente.<\/p>\n\n\n\n<p class=\"wp-block-paragraph\">La decisi\u00f3n de la AFIP tambi\u00e9n extiende el plazo para registrar los contratos de locaciones de espacios o superficies fijas o m\u00f3viles -exclusivas o no- delimitados dentro de bienes inmuebles como locales comerciales y\/o \u201cstands\u201d en supermercados, hipermercados, shoppings, centros, paseos o galer\u00edas de compras.<\/p>\n\n\n\n<p class=\"wp-block-paragraph\">Dichos contratos celebrados entre el 1\u00b0 de julio de 2020 y el 30 de junio de 2021, que contin\u00faen vigentes, podr\u00e1n informarse hasta el 15 de julio.<\/p>\n\n\n\n<p class=\"wp-block-paragraph\">La AFIP reglament\u00f3 a comienzos del a\u00f1o el r\u00e9gimen de registraci\u00f3n de contratos de locaci\u00f3n de Inmuebles previsto en la Ley 27.551. La herramienta permite obtener informaci\u00f3n relevante para verificar el cumplimiento de las obligaciones de quienes intervienen en distintas operaciones.<\/p>\n\n\n\n<p class=\"wp-block-paragraph\">La normativa prev\u00e9 que los contribuyentes que asuman el car\u00e1cter de locadores o arrendadores en los contratos quedan obligados a la registraci\u00f3n de la operaci\u00f3n.<\/p>\n","protected":false},"excerpt":{"rendered":"<p>La Administraci\u00f3n<\/p>\n","protected":false},"author":1,"featured_media":39574,"comment_status":"open","ping_status":"open","sticky":false,"template":"","format":"standard","meta":{"footnotes":""},"categories":[4,8],"tags":[],"class_list":["post-2965","post","type-post","status-publish","format-standard","has-post-thumbnail","hentry","category-nacionales","category-para-agendar"],"_links":{"self":[{"href":"https:\/\/panoramadelsur.com.ar\/index.php?rest_route=\/wp\/v2\/posts\/2965","targetHints":{"allow":["GET"]}}],"collection":[{"href":"https:\/\/panoramadelsur.com.ar\/index.php?rest_route=\/wp\/v2\/posts"}],"about":[{"href":"https:\/\/panoramadelsur.com.ar\/index.php?rest_route=\/wp\/v2\/types\/post"}],"author":[{"embeddable":true,"href":"https:\/\/panoramadelsur.com.ar\/index.php?rest_route=\/wp\/v2\/users\/1"}],"replies":[{"embeddable":true,"href":"https:\/\/panoramadelsur.com.ar\/index.php?rest_route=%2Fwp%2Fv2%2Fcomments&post=2965"}],"version-history":[{"count":1,"href":"https:\/\/panoramadelsur.com.ar\/index.php?rest_route=\/wp\/v2\/posts\/2965\/revisions"}],"predecessor-version":[{"id":2966,"href":"https:\/\/panoramadelsur.com.ar\/index.php?rest_route=\/wp\/v2\/posts\/2965\/revisions\/2966"}],"wp:featuredmedia":[{"embeddable":true,"href":"https:\/\/panoramadelsur.com.ar\/index.php?rest_route=\/wp\/v2\/media\/39574"}],"wp:attachment":[{"href":"https:\/\/panoramadelsur.com.ar\/index.php?rest_route=%2Fwp%2Fv2%2Fmedia&parent=2965"}],"wp:term":[{"taxonomy":"category","embeddable":true,"href":"https:\/\/panoramadelsur.com.ar\/index.php?rest_route=%2Fwp%2Fv2%2Fcategories&post=2965"},{"taxonomy":"post_tag","embeddable":true,"href":"https:\/\/panoramadelsur.com.ar\/index.php?rest_route=%2Fwp%2Fv2%2Ftags&post=2965"}],"curies":[{"name":"wp","href":"https:\/\/api.w.org\/{rel}","templated":true}]}}