{"id":2967,"date":"2021-04-16T07:31:19","date_gmt":"2021-04-16T07:31:19","guid":{"rendered":"http:\/\/panoramadelsur.com.ar\/?p=2967"},"modified":"2021-04-16T07:31:25","modified_gmt":"2021-04-16T07:31:25","slug":"concejal-renuncia-a-su-banca","status":"publish","type":"post","link":"https:\/\/panoramadelsur.com.ar\/?p=2967","title":{"rendered":"Concejal renuncia a su banca"},"content":{"rendered":"\n<p class=\"wp-block-paragraph\">Seg\u00fan trascendi\u00f3, el concejal del Frente de Todos, Ariel \u00abLula\u00bb G\u00f3mez, renunci\u00f3 a su banca en el Concejo Deliberante de Quilmes.<\/p>\n\n\n\n<p class=\"wp-block-paragraph\">La noticia se conoci\u00f3 en horas de la tarde de ayer. En ese marco, se supo que el alejamiento de G\u00f3mez llega tras la reuni\u00f3n que mantuvo con la Intendenta de la ciudad Mayra Mendoza, quien le habr\u00eda pedido la dimisi\u00f3n. Su lugar ser\u00e1 ocupado por la dirigente social&nbsp;Susy Paz.<\/p>\n","protected":false},"excerpt":{"rendered":"<p>Seg\u00fan trascendi\u00f3,<\/p>\n","protected":false},"author":1,"featured_media":39574,"comment_status":"open","ping_status":"open","sticky":false,"template":"","format":"standard","meta":{"footnotes":""},"categories":[2],"tags":[],"class_list":["post-2967","post","type-post","status-publish","format-standard","has-post-thumbnail","hentry","category-quilmes"],"_links":{"self":[{"href":"https:\/\/panoramadelsur.com.ar\/index.php?rest_route=\/wp\/v2\/posts\/2967","targetHints":{"allow":["GET"]}}],"collection":[{"href":"https:\/\/panoramadelsur.com.ar\/index.php?rest_route=\/wp\/v2\/posts"}],"about":[{"href":"https:\/\/panoramadelsur.com.ar\/index.php?rest_route=\/wp\/v2\/types\/post"}],"author":[{"embeddable":true,"href":"https:\/\/panoramadelsur.com.ar\/index.php?rest_route=\/wp\/v2\/users\/1"}],"replies":[{"embeddable":true,"href":"https:\/\/panoramadelsur.com.ar\/index.php?rest_route=%2Fwp%2Fv2%2Fcomments&post=2967"}],"version-history":[{"count":1,"href":"https:\/\/panoramadelsur.com.ar\/index.php?rest_route=\/wp\/v2\/posts\/2967\/revisions"}],"predecessor-version":[{"id":2969,"href":"https:\/\/panoramadelsur.com.ar\/index.php?rest_route=\/wp\/v2\/posts\/2967\/revisions\/2969"}],"wp:featuredmedia":[{"embeddable":true,"href":"https:\/\/panoramadelsur.com.ar\/index.php?rest_route=\/wp\/v2\/media\/39574"}],"wp:attachment":[{"href":"https:\/\/panoramadelsur.com.ar\/index.php?rest_route=%2Fwp%2Fv2%2Fmedia&parent=2967"}],"wp:term":[{"taxonomy":"category","embeddable":true,"href":"https:\/\/panoramadelsur.com.ar\/index.php?rest_route=%2Fwp%2Fv2%2Fcategories&post=2967"},{"taxonomy":"post_tag","embeddable":true,"href":"https:\/\/panoramadelsur.com.ar\/index.php?rest_route=%2Fwp%2Fv2%2Ftags&post=2967"}],"curies":[{"name":"wp","href":"https:\/\/api.w.org\/{rel}","templated":true}]}}