{"id":3004,"date":"2021-04-17T01:01:00","date_gmt":"2021-04-17T01:01:00","guid":{"rendered":"http:\/\/panoramadelsur.com.ar\/?p=3004"},"modified":"2021-04-17T06:48:51","modified_gmt":"2021-04-17T06:48:51","slug":"eximiran-de-tasa-a-comerciantes-que-cumplan-con-las-medidas-dispuestas","status":"publish","type":"post","link":"https:\/\/panoramadelsur.com.ar\/?p=3004","title":{"rendered":"Eximiran de tasa a comerciantes que cumplan con las medidas dispuestas"},"content":{"rendered":"\n<p class=\"wp-block-paragraph\">El lunes la Intendenta enviar\u00e1 \u201dun proyecto de ordenanza con importantes eximiciones de tasa para quienes cumplan con las medidas dispuestas\u201d. As\u00ed lo anunci\u00f3 a trav\u00e9s de las redes.<\/p>\n\n\n\n<p class=\"wp-block-paragraph\">\u201cQuiero hablarle a aquellos comerciantes alcanzados por los anuncios del gobierno nacional, provincial, y que el municipio adhiere. Comprendemos la dif\u00edcil situaci\u00f3n que nos toca atravesar a todos. Por eso el d\u00eda lunes vamos a enviar un proyecto de ordenanza con importantes eximiciones de tasa para quienes cumplan con las medidas dispuestas\u201d, sostuvo Mayra Mendoza al tiempo que asegur\u00f3: \u00abEsta decisi\u00f3n incluye a los gimnasios, salones de fiestas, natatorios y los comercios gastron\u00f3micos locales\u00bb.<\/p>\n\n\n\n<p class=\"wp-block-paragraph\">Y agreg\u00f3: \u00abLes pido a nuestros vecinos y vecinas que nos sigamos cuidando, que respetemos las medidas de prevenci\u00f3n sanitaria, que utilicemos las herramientas como &#8216;Quilmes compra en Casa&#8217; para ayudar a los comercios de cercan\u00eda&#8230; Cuidarnos es tarea de todos y de todas. Seamos solidarios. Nadie se salva solo\u00bb.<\/p>\n\n\n\n<p class=\"wp-block-paragraph\"><\/p>\n","protected":false},"excerpt":{"rendered":"<p>El lunes<\/p>\n","protected":false},"author":1,"featured_media":39574,"comment_status":"open","ping_status":"open","sticky":false,"template":"","format":"standard","meta":{"footnotes":""},"categories":[1,2],"tags":[],"class_list":["post-3004","post","type-post","status-publish","format-standard","has-post-thumbnail","hentry","category-destacados","category-quilmes"],"_links":{"self":[{"href":"https:\/\/panoramadelsur.com.ar\/index.php?rest_route=\/wp\/v2\/posts\/3004","targetHints":{"allow":["GET"]}}],"collection":[{"href":"https:\/\/panoramadelsur.com.ar\/index.php?rest_route=\/wp\/v2\/posts"}],"about":[{"href":"https:\/\/panoramadelsur.com.ar\/index.php?rest_route=\/wp\/v2\/types\/post"}],"author":[{"embeddable":true,"href":"https:\/\/panoramadelsur.com.ar\/index.php?rest_route=\/wp\/v2\/users\/1"}],"replies":[{"embeddable":true,"href":"https:\/\/panoramadelsur.com.ar\/index.php?rest_route=%2Fwp%2Fv2%2Fcomments&post=3004"}],"version-history":[{"count":1,"href":"https:\/\/panoramadelsur.com.ar\/index.php?rest_route=\/wp\/v2\/posts\/3004\/revisions"}],"predecessor-version":[{"id":3006,"href":"https:\/\/panoramadelsur.com.ar\/index.php?rest_route=\/wp\/v2\/posts\/3004\/revisions\/3006"}],"wp:featuredmedia":[{"embeddable":true,"href":"https:\/\/panoramadelsur.com.ar\/index.php?rest_route=\/wp\/v2\/media\/39574"}],"wp:attachment":[{"href":"https:\/\/panoramadelsur.com.ar\/index.php?rest_route=%2Fwp%2Fv2%2Fmedia&parent=3004"}],"wp:term":[{"taxonomy":"category","embeddable":true,"href":"https:\/\/panoramadelsur.com.ar\/index.php?rest_route=%2Fwp%2Fv2%2Fcategories&post=3004"},{"taxonomy":"post_tag","embeddable":true,"href":"https:\/\/panoramadelsur.com.ar\/index.php?rest_route=%2Fwp%2Fv2%2Ftags&post=3004"}],"curies":[{"name":"wp","href":"https:\/\/api.w.org\/{rel}","templated":true}]}}