{"id":30160,"date":"2022-09-26T01:02:00","date_gmt":"2022-09-26T04:02:00","guid":{"rendered":"https:\/\/panoramadelsur.com.ar\/?p=30160"},"modified":"2022-09-25T21:36:09","modified_gmt":"2022-09-26T00:36:09","slug":"berazategui-recicla-6-anos-al-servicio-de-la-comunidad-y-el-medio-ambiente","status":"publish","type":"post","link":"https:\/\/panoramadelsur.com.ar\/?p=30160","title":{"rendered":"BERAZATEGUI RECICLA: 6 A\u00d1OS AL SERVICIO DE LA COMUNIDAD Y EL MEDIO AMBIENTE"},"content":{"rendered":"\n<p class=\"wp-block-paragraph\"><strong>Este a\u00f1o se celebra el 6to aniversario del Programa Municipal Berazategui Recicla, que comenz\u00f3 a funcionar en 2016 y se sigue intensificando y ampliando en el marco de la gesti\u00f3n del intendente Juan Jos\u00e9 Mussi. El festejo se realizar\u00e1 este viernes 23 de septiembre, de 9.00 a 16.00, en el Centro Municipal de Actividades Roberto De Vicenzo (calle 148 y 18).<\/strong><\/p>\n\n\n\n<p class=\"wp-block-paragraph\">All\u00ed se expondr\u00e1n art\u00edculos elaborados con materiales reciclados y reutilizados, tales como mobiliario, juegos infantiles, indumentaria y distintos accesorios. Asimismo, se har\u00e1 un repaso de la historia del Programa. Todos los vecinos y vecinas est\u00e1n invitados a participar del encuentro y conocer m\u00e1s sobre la iniciativa.<\/p>\n\n\n\n<p class=\"wp-block-paragraph\">Berazategui Recicla fomenta la separaci\u00f3n de residuos reciclables desde el hogar de cada vecino y vecina, fortaleciendo as\u00ed la conciencia ecol\u00f3gica. A su vez, forma parte de la econom\u00eda circular del distrito, generando puestos de trabajo.<br><br>Mediante este Programa, se recuperan aproximadamente 50 toneladas mensuales de material PET que se reconvierten en art\u00edculos de limpieza, como escobillones y cepillos. Asimismo, por mes se recolectan cerca de 16 toneladas de papel y cart\u00f3n, que son reutilizados por la Papelera Rosato de Berazategui para realizar productos como papel higi\u00e9nico, servilletas y cart\u00f3n. De esta manera, se logra reducir la cantidad de residuos que se deben llevar al CEAMSE, generando un ahorro en su traslado y tratamiento.<br><br>\u201cEl crecimiento de Berazategui Recicla fue exponencial\u201d, destac\u00f3 Marcelo Benedetti, secretario de Organizaciones No Gubernamentales (ONG). Y sum\u00f3: \u201cEste es un c\u00edrculo virtuoso: se ayuda al medio ambiente, el Municipio ahorra y se generan ganancias. Adem\u00e1s, actualmente contamos con la maquinaria propia necesaria para el tratamiento de los elementos que se recolectan. Para nosotros es un honor trabajar en este Programa\u201d.<br><br>Hoy en d\u00eda, est\u00e1n en funcionamiento m\u00e1s de 50 Ecopuntos distribuidos en todo el distrito y 2 Centros de Acopio, Selecci\u00f3n y Reciclado, donde se desempe\u00f1an m\u00e1s de 250 beneficiarios del Programa Potenciar Trabajo, quienes son capacitados para realizar las tareas pertinentes.<br><br>Gracias a esta iniciativa, se reciclan: envases PET; vidrios, cart\u00f3n y papeles; pilas y bater\u00edas; pl\u00e1stico soplado; nylon; aluminio; hierros y chapas; adem\u00e1s de chatarra electr\u00f3nica. En lo que va del a\u00f1o, ya se recolectaron m\u00e1s de 500 mil kilos de residuos. Y desde el nacimiento del Programa hasta la actualidad, se recolectaron m\u00e1s de 5 millones de kilos para su reciclado.<\/p>\n\n\n\n<p class=\"wp-block-paragraph\">Con motivo de los festejos por el 6\u00b0 aniversario del Programa, este viernes 23 de septiembre permanecer\u00e1n cerrados los Ecopuntos y Centros de Acopio, Selecci\u00f3n y Reciclado del distrito.<\/p>\n\n\n\n<p class=\"wp-block-paragraph\"><strong>Un Programa que tambi\u00e9n brinda herramientas educativas<\/strong><strong><br><\/strong>Berazategui Recicla incluye un proyecto de compostaje de desechos org\u00e1nicos mediante un trabajo coordinado entre la Secretar\u00eda de Organizaciones No Gubernamentales (ONG) y la Direcci\u00f3n de Ambiente y Desarrollo Sustentable municipales. Asimismo, se brindan capacitaciones y herramientas a las instituciones educativas que lo implementen dentro del Programa Municipal Escuelas Sustentables.<br><br>Adem\u00e1s, a trav\u00e9s de la Ordenanza N\u00ba 6189 sancionada por el Concejo Deliberante de Berazategui, se lo declar\u00f3 de Inter\u00e9s Municipal, Cultural y Educativo.<\/p>\n","protected":false},"excerpt":{"rendered":"<p>Este a\u00f1o<\/p>\n","protected":false},"author":1,"featured_media":39574,"comment_status":"open","ping_status":"open","sticky":false,"template":"","format":"standard","meta":{"footnotes":""},"categories":[10,3],"tags":[40],"class_list":["post-30160","post","type-post","status-publish","format-standard","has-post-thumbnail","hentry","category-mas-noticias","category-regionales","tag-berazategui"],"_links":{"self":[{"href":"https:\/\/panoramadelsur.com.ar\/index.php?rest_route=\/wp\/v2\/posts\/30160","targetHints":{"allow":["GET"]}}],"collection":[{"href":"https:\/\/panoramadelsur.com.ar\/index.php?rest_route=\/wp\/v2\/posts"}],"about":[{"href":"https:\/\/panoramadelsur.com.ar\/index.php?rest_route=\/wp\/v2\/types\/post"}],"author":[{"embeddable":true,"href":"https:\/\/panoramadelsur.com.ar\/index.php?rest_route=\/wp\/v2\/users\/1"}],"replies":[{"embeddable":true,"href":"https:\/\/panoramadelsur.com.ar\/index.php?rest_route=%2Fwp%2Fv2%2Fcomments&post=30160"}],"version-history":[{"count":1,"href":"https:\/\/panoramadelsur.com.ar\/index.php?rest_route=\/wp\/v2\/posts\/30160\/revisions"}],"predecessor-version":[{"id":30162,"href":"https:\/\/panoramadelsur.com.ar\/index.php?rest_route=\/wp\/v2\/posts\/30160\/revisions\/30162"}],"wp:featuredmedia":[{"embeddable":true,"href":"https:\/\/panoramadelsur.com.ar\/index.php?rest_route=\/wp\/v2\/media\/39574"}],"wp:attachment":[{"href":"https:\/\/panoramadelsur.com.ar\/index.php?rest_route=%2Fwp%2Fv2%2Fmedia&parent=30160"}],"wp:term":[{"taxonomy":"category","embeddable":true,"href":"https:\/\/panoramadelsur.com.ar\/index.php?rest_route=%2Fwp%2Fv2%2Fcategories&post=30160"},{"taxonomy":"post_tag","embeddable":true,"href":"https:\/\/panoramadelsur.com.ar\/index.php?rest_route=%2Fwp%2Fv2%2Ftags&post=30160"}],"curies":[{"name":"wp","href":"https:\/\/api.w.org\/{rel}","templated":true}]}}