{"id":30176,"date":"2022-09-26T01:05:00","date_gmt":"2022-09-26T04:05:00","guid":{"rendered":"https:\/\/panoramadelsur.com.ar\/?p=30176"},"modified":"2022-09-25T13:47:42","modified_gmt":"2022-09-25T16:47:42","slug":"unas-40-mil-personas-disfrutaron-del-festival-primavera-bonaerense-en-la-plata","status":"publish","type":"post","link":"https:\/\/panoramadelsur.com.ar\/?p=30176","title":{"rendered":"UNAS 40 MIL PERSONAS DISFRUTARON DEL FESTIVAL PRIMAVERA BONAERENSE EN LA PLATA"},"content":{"rendered":"\n<p class=\"wp-block-paragraph\">M\u00e1s de 40 mil personas vivieron el s\u00e1bado una jornada llena de m\u00fasica en el Festival Primavera Bonaerense, el mega evento realizado por el Gobierno de la provincia de Buenos Aires para celebrar el inicio de la nueva estaci\u00f3n y el D\u00eda de las y los Estudiantes y que cont\u00f3 con la presentaci\u00f3n gratuita de Karina y Virus, entre otros, en el Estadio \u00danico Diego Armando Maradona de La Plata.<\/p>\n\n\n\n<p class=\"wp-block-paragraph\">Al evento, al que asisti\u00f3 el gobernador, Axel Kicillof, y otros funcionarios provinciales y locales, brind\u00f3 rondas de danza, cabina de DJ\u00b4s y talleres para infancias, entre otras propuestas.<\/p>\n\n\n\n<p class=\"wp-block-paragraph\">Tambi\u00e9n tuvo lugar la expo \u00abLa diversidad nos une\u00bb, un espacio destinado a poner en valor la identidad bonaerense con la invitaci\u00f3n a los 135 municipios de la provincia, en el que cada uno de ellos pudo exhibir a sus artistas, productos y lugares de inter\u00e9s.<\/p>\n\n\n\n<p class=\"wp-block-paragraph\">Hubo muestras y producci\u00f3n en vivo de Graffiti, Murales y Escultura con pintores, ilustradores y fot\u00f3grafos en los distintos stands municipales.<\/p>\n\n\n\n<p class=\"wp-block-paragraph\">El evento cont\u00f3 con el cierre de YSY A y presentaciones de artistas consagrados como Karina, Virus, Taichu y La Coneja China.<\/p>\n\n\n\n<p class=\"wp-block-paragraph\">Adem\u00e1s, se despleg\u00f3 el espacio \u00abOtakultura\u00bb, donde se presentaron stands de exposici\u00f3n, dibujo y venta editorial, ejemplares de Manga japon\u00e9s, Anim\u00e9 y C\u00f3mic.<\/p>\n\n\n\n<p class=\"wp-block-paragraph\">La jornada sum\u00f3 un encuentro entre productores con el objetivo de potenciar alianzas, conectarse con consumidores de la regi\u00f3n y poder fortalecer la articulaci\u00f3n con otros sectores de menor escala como emprendimientos y artesanos locales.<\/p>\n\n\n\n<p class=\"wp-block-paragraph\">Las rondas de baile, las coreograf\u00edas y tambi\u00e9n el jam y el freestyle de cuerpos se apoderaron de KM Danza, en sincron\u00eda con la Alta Cabina, el espacio desde donde los DJ\u00b4s controlaron la pista.<\/p>\n\n\n\n<p class=\"wp-block-paragraph\">La presidenta del Instituto Cultural bonaerense, Florencia Saintout, particip\u00f3 del evento, donde asegur\u00f3: \u00abQueremos una Provincia con m\u00e1s participaci\u00f3n, inclusi\u00f3n, derechos, democracia, cultura y disfrute colectivo. Creo que tenemos que construir mejores tiempos desde muchos lugares, pero con la participaci\u00f3n y la cultura como centralidad\u00bb, expres\u00f3 .<\/p>\n\n\n\n<p class=\"wp-block-paragraph\">Saintout destac\u00f3 que \u00abcomo dice nuestro gobernador (Axel Kicillof), estamos construyendo la identidad de los bonaerenses. Construyendo la identidad de los bonaerenses, recuperando las tradiciones, saber de d\u00f3nde venimos y hacia d\u00f3nde vamos, qu\u00e9 es lo que queremos a futuro. Esa es la identidad bonaerense\u00bb, complet\u00f3 la funcionaria.<\/p>\n\n\n\n<p class=\"wp-block-paragraph\">Las actividades arrancaron en horas del mediod\u00eda, cuando comenzaron a sonar los primeros acordes rockeros de la banda Barrio Viejo, que lidera el exfutbolista Daniel Osvaldo.<\/p>\n\n\n\n<p class=\"wp-block-paragraph\">En tanto, los intervalos fueron musicalizados desde las alturas por DJ La Puta Ama en la Alta Cabina.<\/p>\n\n\n\n<p class=\"wp-block-paragraph\">Luego lleg\u00f3 la presentaci\u00f3n folkl\u00f3rica de Milena Salamanca, dando cuenta de la diversidad del line up, llegar\u00eda el turno de Terapia y su lectura contempor\u00e1nea del rapcore y n\u00fc metal.<\/p>\n\n\n\n<p class=\"wp-block-paragraph\">A su turno, Emanero agit\u00f3 con su mezcla de sonidos urbanos, pop y conciencia para dar paso a una de las artistas m\u00e1s esperadas: Karina, \u00abLa Princesita\u00bb.<\/p>\n\n\n\n<p class=\"wp-block-paragraph\">El arranque con \u00abCoraz\u00f3n Mentiroso\u00bb desat\u00f3 el estruendo y la cadena de hits del \u00edcono de la cumbia, que luci\u00f3 bucaneras rojas y una chamarra de los Rolling Stones.<\/p>\n\n\n\n<p class=\"wp-block-paragraph\">Posteriormente, se present\u00f3 Taichu con su voz aguerrida y su estilo urbano, mezclando trap, rap, R&amp;B y hasta una versi\u00f3n de \u00abI Kissed a Girl\u00bb de Katy Perry.<\/p>\n\n\n\n<p class=\"wp-block-paragraph\">Pasadas las 19.30 lleg\u00f3 Virus, que arranc\u00f3 con \u00abIm\u00e1genes paganas\u00bb y un repertorio inapelable, a la altura de una de las bandas m\u00e1s influyentes de la historia del rock argentino.<\/p>\n\n\n\n<p class=\"wp-block-paragraph\">\u00abPronta entrega\u00bb, \u00abAmor descartable\u00bb y \u00abMirada Speed\u00bb fueron algunos de los cl\u00e1sicos que interpret\u00f3 la banda de los Moura.<\/p>\n\n\n\n<p class=\"wp-block-paragraph\">El cierre qued\u00f3 a cargo del artista m\u00e1s esperado: Ysy A, el mentor del Quinto Escal\u00f3n y referente ineludible del trap argentino derroch\u00f3 su habitual carisma y una energ\u00eda desbordante que se traslad\u00f3 al p\u00fablico.<\/p>\n\n\n\n<p class=\"wp-block-paragraph\">A puro salto y un flow demoledor, repas\u00f3 sus cuatro \u00e1lbumes interactuando con una ruleta virtual para escoger el repertorio. \u00abNati\u00bb, \u00abVamo a darle\u00bb fueron alguno de sus temas y sus constantes referencias a un posible sismo (\u00abel Ysysmo\u00bb) tuvo su momento m\u00e1s cercano a la concreci\u00f3n con el cierre de \u00abTamo loco\u00bb, en tanto la musicalizaci\u00f3n para el fin del evento se dio con La Coneja China. <\/p>\n","protected":false},"excerpt":{"rendered":"<p>M\u00e1s de<\/p>\n","protected":false},"author":1,"featured_media":39574,"comment_status":"open","ping_status":"open","sticky":false,"template":"","format":"standard","meta":{"footnotes":""},"categories":[5],"tags":[28,457,27],"class_list":["post-30176","post","type-post","status-publish","format-standard","has-post-thumbnail","hentry","category-provincia","tag-gba","tag-primavera","tag-provincia"],"_links":{"self":[{"href":"https:\/\/panoramadelsur.com.ar\/index.php?rest_route=\/wp\/v2\/posts\/30176","targetHints":{"allow":["GET"]}}],"collection":[{"href":"https:\/\/panoramadelsur.com.ar\/index.php?rest_route=\/wp\/v2\/posts"}],"about":[{"href":"https:\/\/panoramadelsur.com.ar\/index.php?rest_route=\/wp\/v2\/types\/post"}],"author":[{"embeddable":true,"href":"https:\/\/panoramadelsur.com.ar\/index.php?rest_route=\/wp\/v2\/users\/1"}],"replies":[{"embeddable":true,"href":"https:\/\/panoramadelsur.com.ar\/index.php?rest_route=%2Fwp%2Fv2%2Fcomments&post=30176"}],"version-history":[{"count":1,"href":"https:\/\/panoramadelsur.com.ar\/index.php?rest_route=\/wp\/v2\/posts\/30176\/revisions"}],"predecessor-version":[{"id":30178,"href":"https:\/\/panoramadelsur.com.ar\/index.php?rest_route=\/wp\/v2\/posts\/30176\/revisions\/30178"}],"wp:featuredmedia":[{"embeddable":true,"href":"https:\/\/panoramadelsur.com.ar\/index.php?rest_route=\/wp\/v2\/media\/39574"}],"wp:attachment":[{"href":"https:\/\/panoramadelsur.com.ar\/index.php?rest_route=%2Fwp%2Fv2%2Fmedia&parent=30176"}],"wp:term":[{"taxonomy":"category","embeddable":true,"href":"https:\/\/panoramadelsur.com.ar\/index.php?rest_route=%2Fwp%2Fv2%2Fcategories&post=30176"},{"taxonomy":"post_tag","embeddable":true,"href":"https:\/\/panoramadelsur.com.ar\/index.php?rest_route=%2Fwp%2Fv2%2Ftags&post=30176"}],"curies":[{"name":"wp","href":"https:\/\/api.w.org\/{rel}","templated":true}]}}