{"id":30188,"date":"2022-09-26T01:02:00","date_gmt":"2022-09-26T04:02:00","guid":{"rendered":"https:\/\/panoramadelsur.com.ar\/?p=30188"},"modified":"2022-09-25T16:30:10","modified_gmt":"2022-09-25T19:30:10","slug":"nuevos-operativos-itinerantes-de-vacunacion-en-florencio-varela-2","status":"publish","type":"post","link":"https:\/\/panoramadelsur.com.ar\/?p=30188","title":{"rendered":"NUEVOS OPERATIVOS ITINERANTES DE VACUNACI\u00d3N EN FLORENCIO VARELA"},"content":{"rendered":"\n<p class=\"wp-block-paragraph\">La Comuna de Florencio Varela program\u00f3 nuevas jornadas de inmunizaci\u00f3n a la ciudadan\u00eda donde colocar\u00e1n dosis contra la Covid-19 y completar\u00e1n las aplicaciones pertenecientes al Calendario Nacional.<\/p>\n\n\n\n<p class=\"wp-block-paragraph\">Mediante la Secretar\u00eda de Salud municipal, seleccionan puntos estrat\u00e9gicos del partido donde instalar las postas para inocular a los vecinos y las vecinas. Confeccionaron el siguiente cronograma:<\/p>\n\n\n\n<p class=\"wp-block-paragraph\">Tanto este lunes 26 de septiembre en la intersecci\u00f3n de calle 418 A con 429 -Don Jos\u00e9- como el viernes 30 en el empalme de 1122 y 1139 -Ingeniero Allan- prev\u00e9n montar dispositivos de sanidad integral que no solo contemplan vacunaci\u00f3n sino pediatr\u00eda, cl\u00ednica m\u00e9dica m\u00e1s el m\u00f3vil de odontolog\u00eda.<\/p>\n\n\n\n<p class=\"wp-block-paragraph\">El mi\u00e9rcoles 28 de septiembre en calle 1550 y 1523, barrio Los Tronquitos, estipulan sumar la colocaci\u00f3n de ant\u00eddotos antirr\u00e1bicos con el d\u00eda mundial de la conmemoraci\u00f3n contra la enfermedad como contexto.<\/p>\n\n\n\n<p class=\"wp-block-paragraph\">En todos los casos, el horario de atenci\u00f3n ser\u00e1 desde las 10 hasta las 14 hs. Suspender\u00e1n las mencionadas acciones ante condiciones clim\u00e1ticas desfavorables.<\/p>\n\n\n\n<p class=\"wp-block-paragraph\">Interesados e interesadas deber\u00e1n presentar su Documento Nacional de Identidad y\/o carnet de inoculaci\u00f3n para verificar la informaci\u00f3n de cada esquema en forma personalizada.<\/p>\n","protected":false},"excerpt":{"rendered":"<p>La Comuna<\/p>\n","protected":false},"author":1,"featured_media":39574,"comment_status":"open","ping_status":"open","sticky":false,"template":"","format":"standard","meta":{"footnotes":""},"categories":[8,3],"tags":[30],"class_list":["post-30188","post","type-post","status-publish","format-standard","has-post-thumbnail","hentry","category-para-agendar","category-regionales","tag-varela"],"_links":{"self":[{"href":"https:\/\/panoramadelsur.com.ar\/index.php?rest_route=\/wp\/v2\/posts\/30188","targetHints":{"allow":["GET"]}}],"collection":[{"href":"https:\/\/panoramadelsur.com.ar\/index.php?rest_route=\/wp\/v2\/posts"}],"about":[{"href":"https:\/\/panoramadelsur.com.ar\/index.php?rest_route=\/wp\/v2\/types\/post"}],"author":[{"embeddable":true,"href":"https:\/\/panoramadelsur.com.ar\/index.php?rest_route=\/wp\/v2\/users\/1"}],"replies":[{"embeddable":true,"href":"https:\/\/panoramadelsur.com.ar\/index.php?rest_route=%2Fwp%2Fv2%2Fcomments&post=30188"}],"version-history":[{"count":1,"href":"https:\/\/panoramadelsur.com.ar\/index.php?rest_route=\/wp\/v2\/posts\/30188\/revisions"}],"predecessor-version":[{"id":30190,"href":"https:\/\/panoramadelsur.com.ar\/index.php?rest_route=\/wp\/v2\/posts\/30188\/revisions\/30190"}],"wp:featuredmedia":[{"embeddable":true,"href":"https:\/\/panoramadelsur.com.ar\/index.php?rest_route=\/wp\/v2\/media\/39574"}],"wp:attachment":[{"href":"https:\/\/panoramadelsur.com.ar\/index.php?rest_route=%2Fwp%2Fv2%2Fmedia&parent=30188"}],"wp:term":[{"taxonomy":"category","embeddable":true,"href":"https:\/\/panoramadelsur.com.ar\/index.php?rest_route=%2Fwp%2Fv2%2Fcategories&post=30188"},{"taxonomy":"post_tag","embeddable":true,"href":"https:\/\/panoramadelsur.com.ar\/index.php?rest_route=%2Fwp%2Fv2%2Ftags&post=30188"}],"curies":[{"name":"wp","href":"https:\/\/api.w.org\/{rel}","templated":true}]}}