{"id":30198,"date":"2022-09-26T01:04:00","date_gmt":"2022-09-26T04:04:00","guid":{"rendered":"https:\/\/panoramadelsur.com.ar\/?p=30198"},"modified":"2022-09-25T17:03:34","modified_gmt":"2022-09-25T20:03:34","slug":"llega-la-15-feria-del-libro-de-berazategui","status":"publish","type":"post","link":"https:\/\/panoramadelsur.com.ar\/?p=30198","title":{"rendered":"LLEGA LA 15\u00b0 FERIA DEL LIBRO DE BERAZATEGUI"},"content":{"rendered":"\n<p class=\"wp-block-paragraph\"><strong>Ya llega una nueva edici\u00f3n de uno de los megaeventos culturales m\u00e1s importantes de la zona sur: la Feria del Libro LibrArte de Berazategui, en su 15\u00b0 edici\u00f3n. Esta verdadera fiesta de la lectura y la escritura se llevar\u00e1 a cabo del 1 al 10 de octubre, de lunes a viernes de 14.00 a 21.00; y s\u00e1bados y domingos de 15.00 a 21.00.<\/strong><\/p>\n\n\n\n<p class=\"wp-block-paragraph\">Para disfrute de toda la familia, Librarte se realizar\u00e1 con entrada libre y gratuita, en el Centro Municipal de Actividades Roberto De Vicenzo (calle 148 y 18).<\/p>\n\n\n\n<p class=\"wp-block-paragraph\">En este ya tradicional encuentro, reconocidas personalidades presentar\u00e1n sus libros y abordar\u00e1n distintas tem\u00e1ticas.<\/p>\n\n\n\n<p class=\"wp-block-paragraph\">LibrArte es considerada una de las ferias m\u00e1s importantes del pa\u00eds. Durante esta edici\u00f3n 2022, incluir\u00e1 las m\u00e1s variadas ofertas editoriales, conferencias, presentaciones de libros y encuentros de narraci\u00f3n oral.<\/p>\n\n\n\n<p class=\"wp-block-paragraph\">Asimismo, la 15\u00ba edici\u00f3n se destaca por tener una agenda vinculada a la primera infancia y lo infantil, con propuestas que incluyen much\u00edsimos espect\u00e1culos, desde narradores hasta ilustradores, t\u00edteres y talleres abiertos.<\/p>\n\n\n\n<p class=\"wp-block-paragraph\">Adem\u00e1s, como en a\u00f1os anteriores, contin\u00faa con la propuesta con perspectiva de g\u00e9nero, que incluye charlas y actividades.<\/p>\n\n\n\n<p class=\"wp-block-paragraph\">Para m\u00e1s informaci\u00f3n, ingresar a&nbsp;<a href=\"http:\/\/berazategui.gob.ar\/cultura\" target=\"_blank\" rel=\"noreferrer noopener\">berazategui.gob.ar\/cultura<\/a>.<\/p>\n","protected":false},"excerpt":{"rendered":"<p>Ya llega<\/p>\n","protected":false},"author":1,"featured_media":39574,"comment_status":"open","ping_status":"open","sticky":false,"template":"","format":"standard","meta":{"footnotes":""},"categories":[8,3],"tags":[40],"class_list":["post-30198","post","type-post","status-publish","format-standard","has-post-thumbnail","hentry","category-para-agendar","category-regionales","tag-berazategui"],"_links":{"self":[{"href":"https:\/\/panoramadelsur.com.ar\/index.php?rest_route=\/wp\/v2\/posts\/30198","targetHints":{"allow":["GET"]}}],"collection":[{"href":"https:\/\/panoramadelsur.com.ar\/index.php?rest_route=\/wp\/v2\/posts"}],"about":[{"href":"https:\/\/panoramadelsur.com.ar\/index.php?rest_route=\/wp\/v2\/types\/post"}],"author":[{"embeddable":true,"href":"https:\/\/panoramadelsur.com.ar\/index.php?rest_route=\/wp\/v2\/users\/1"}],"replies":[{"embeddable":true,"href":"https:\/\/panoramadelsur.com.ar\/index.php?rest_route=%2Fwp%2Fv2%2Fcomments&post=30198"}],"version-history":[{"count":1,"href":"https:\/\/panoramadelsur.com.ar\/index.php?rest_route=\/wp\/v2\/posts\/30198\/revisions"}],"predecessor-version":[{"id":30201,"href":"https:\/\/panoramadelsur.com.ar\/index.php?rest_route=\/wp\/v2\/posts\/30198\/revisions\/30201"}],"wp:featuredmedia":[{"embeddable":true,"href":"https:\/\/panoramadelsur.com.ar\/index.php?rest_route=\/wp\/v2\/media\/39574"}],"wp:attachment":[{"href":"https:\/\/panoramadelsur.com.ar\/index.php?rest_route=%2Fwp%2Fv2%2Fmedia&parent=30198"}],"wp:term":[{"taxonomy":"category","embeddable":true,"href":"https:\/\/panoramadelsur.com.ar\/index.php?rest_route=%2Fwp%2Fv2%2Fcategories&post=30198"},{"taxonomy":"post_tag","embeddable":true,"href":"https:\/\/panoramadelsur.com.ar\/index.php?rest_route=%2Fwp%2Fv2%2Ftags&post=30198"}],"curies":[{"name":"wp","href":"https:\/\/api.w.org\/{rel}","templated":true}]}}