{"id":30213,"date":"2022-09-26T01:05:00","date_gmt":"2022-09-26T04:05:00","guid":{"rendered":"https:\/\/panoramadelsur.com.ar\/?p=30213"},"modified":"2022-09-25T23:27:08","modified_gmt":"2022-09-26T02:27:08","slug":"misa-de-accion-de-gracias-por-la-educacion-y-entrega-de-menciones-padre-obispo-jorge-novak","status":"publish","type":"post","link":"https:\/\/panoramadelsur.com.ar\/?p=30213","title":{"rendered":"MISA DE ACCI\u00d3N DE GRACIAS POR LA EDUCACI\u00d3N Y ENTREGA DE MENCIONES \u00abPADRE OBISPO JORGE NOVAK\u00bb"},"content":{"rendered":"\n<p class=\"wp-block-paragraph\">La Vicar\u00eda de Educaci\u00f3n de la Di\u00f3cesis de Quilmes invita el&nbsp;<strong>viernes 30 de septiembre a la Misa de Acci\u00f3n de Gracias por la educaci\u00f3n y a la entrega de las menciones&nbsp;<em>\u00abPadre Obispo Jorge Novak al educador\u00bb<\/em><\/strong>.<\/p>\n\n\n\n<p class=\"wp-block-paragraph\">La celebraci\u00f3n Eucar\u00edstica ser\u00e1 presidida por el Padre Obispo Carlos Jos\u00e9 Tissera a las 19.00 en la Catedral de Quilmes (Rivadavia 355, Quilmes) y finalizada la misa, se mencionar\u00e1 \u00ab<em>a quienes en las comunidades educativas de nuestra di\u00f3cesis van dejando una huella desde la misi\u00f3n cotidiana de ser educadores\u00bb<\/em>.<\/p>\n\n\n\n<p class=\"wp-block-paragraph\">El lema que acompa\u00f1ar\u00e1 esta jornada para dar gracias por el trabajo de los educadores y educadoras ser\u00e1&nbsp;<em>\u00abCon Novak, Maestro y Pastor, comprometidos en una educaci\u00f3n liberadora\u00bb<\/em>.<\/p>\n\n\n\n<p class=\"wp-block-paragraph\">Toda la comunidad diocesana est\u00e1 invitada a participar.<\/p>\n","protected":false},"excerpt":{"rendered":"<p>La Vicar\u00eda<\/p>\n","protected":false},"author":1,"featured_media":39574,"comment_status":"open","ping_status":"open","sticky":false,"template":"","format":"standard","meta":{"footnotes":""},"categories":[2],"tags":[35,17],"class_list":["post-30213","post","type-post","status-publish","format-standard","has-post-thumbnail","hentry","category-quilmes","tag-municipio-de-quilmes","tag-quilmes"],"_links":{"self":[{"href":"https:\/\/panoramadelsur.com.ar\/index.php?rest_route=\/wp\/v2\/posts\/30213","targetHints":{"allow":["GET"]}}],"collection":[{"href":"https:\/\/panoramadelsur.com.ar\/index.php?rest_route=\/wp\/v2\/posts"}],"about":[{"href":"https:\/\/panoramadelsur.com.ar\/index.php?rest_route=\/wp\/v2\/types\/post"}],"author":[{"embeddable":true,"href":"https:\/\/panoramadelsur.com.ar\/index.php?rest_route=\/wp\/v2\/users\/1"}],"replies":[{"embeddable":true,"href":"https:\/\/panoramadelsur.com.ar\/index.php?rest_route=%2Fwp%2Fv2%2Fcomments&post=30213"}],"version-history":[{"count":1,"href":"https:\/\/panoramadelsur.com.ar\/index.php?rest_route=\/wp\/v2\/posts\/30213\/revisions"}],"predecessor-version":[{"id":30215,"href":"https:\/\/panoramadelsur.com.ar\/index.php?rest_route=\/wp\/v2\/posts\/30213\/revisions\/30215"}],"wp:featuredmedia":[{"embeddable":true,"href":"https:\/\/panoramadelsur.com.ar\/index.php?rest_route=\/wp\/v2\/media\/39574"}],"wp:attachment":[{"href":"https:\/\/panoramadelsur.com.ar\/index.php?rest_route=%2Fwp%2Fv2%2Fmedia&parent=30213"}],"wp:term":[{"taxonomy":"category","embeddable":true,"href":"https:\/\/panoramadelsur.com.ar\/index.php?rest_route=%2Fwp%2Fv2%2Fcategories&post=30213"},{"taxonomy":"post_tag","embeddable":true,"href":"https:\/\/panoramadelsur.com.ar\/index.php?rest_route=%2Fwp%2Fv2%2Ftags&post=30213"}],"curies":[{"name":"wp","href":"https:\/\/api.w.org\/{rel}","templated":true}]}}