{"id":30306,"date":"2022-09-26T01:02:00","date_gmt":"2022-09-26T04:02:00","guid":{"rendered":"https:\/\/panoramadelsur.com.ar\/?p=30306"},"modified":"2022-09-26T11:32:38","modified_gmt":"2022-09-26T14:32:38","slug":"mayra-junto-a-miles-de-vecinas-y-vecinos-en-una-nueva-edicion-del-festival-somos-quilmes","status":"publish","type":"post","link":"https:\/\/panoramadelsur.com.ar\/?p=30306","title":{"rendered":"MAYRA JUNTO A MILES DE VECINAS Y VECINOS EN UNA NUEVA EDICI\u00d3N DEL FESTIVAL SOMOS QUILMES"},"content":{"rendered":"\n<p class=\"wp-block-paragraph\">La intendenta de Quilmes, Mayra Mendoza, particip\u00f3 este domingo 25 junto a miles de vecinas y vecinos, de una nueva edici\u00f3n del festival Somos Quilmes, en el marco de los festejos por el 71\u00ba aniversario del barrio La Paz, en el escenario montado en avenida Santa Fe y calle 894, que tuvo un cierre a pura m\u00fasica con las actuaciones de Bruno Arias y un final con mucha cumbia santafesina con la presentaci\u00f3n de Los del Fuego.<\/p>\n\n\n\n<p class=\"wp-block-paragraph\">\u00abQuer\u00eda saludar y agradecer a la comisi\u00f3n organizadora de este festejo popular, cargado de emoci\u00f3n y de comunidad. Tenemos que seguir construyendo festejos como el que hoy estamos viviendo. Vamos a seguir trabajando para poder tener alegr\u00eda y felicidad en nuestro pueblo, concretado con obras y mejoras. Voy a trabajar sin descanso para darle dignidad a todo el pueblo de Quilmes\u00bb, expres\u00f3 la Jefa comunal, que estuvo acompa\u00f1ada por integrantes del Gabinete Municipal, funcionarios y funcionarias, y concejales y concejalas, entre otras autoridades.<\/p>\n\n\n\n<p class=\"wp-block-paragraph\">El evento tambi\u00e9n cont\u00f3 con una feria de emprendedores en las avenidas Eva Per\u00f3n y Santa Fe, y con recitales que tuvieron una variada agenda de estilos musicales &nbsp;con Las Voces de Quimil, Los Amigos del Folklore, No Detenga Su Motor, Kathmandu, La 970, Naktanoon, Retroband Cumbia y La S\u00e1nchez.<\/p>\n\n\n\n<p class=\"wp-block-paragraph\">Los vecinos y vecinas expresaron su alegr\u00eda por poder disfrutar de un evento de estas caracter\u00edsticas. Myriam Lescano, por ejemplo, cont\u00f3: \u201cEstamos pasando un d\u00eda muy lindo, est\u00e1 todo muy bien organizado, hay mucha limpieza y seguridad, todo en tranquilidad, en familia, celebrando una fecha muy especial para el barrio\u201d.<\/p>\n\n\n\n<p class=\"wp-block-paragraph\">Tambi\u00e9n Xoana De Palma, que hace m\u00e1s de 30 a\u00f1os vive en la zona, coment\u00f3: \u201cVine con mis hijos, estamos contentos, pudimos ver el desfile a la ma\u00f1ana, nos gust\u00f3 mucho, despu\u00e9s paseamos y ahora escuchamos buena m\u00fasica, hac\u00eda tiempo que no se hac\u00eda una fiesta as\u00ed tan grande\u201d.<\/p>\n\n\n\n<p class=\"wp-block-paragraph\">Por su parte, Jonatan Lezcano, emprendedor que particip\u00f3 de la feria con su puesto JyK Impresiones, agradeci\u00f3 la iniciativa: \u201cEs un orgullo presentar lo que hacemos esta jornada de festejos. Hacemos impresiones en papel fotogr\u00e1fico y en papel com\u00fan. Nos gusta ver a la gente disfrutando de la propuesta y compartiendo un buen momento\u201d.<\/p>\n\n\n\n<p class=\"wp-block-paragraph\">La organizaci\u00f3n del evento estuvo a cargo de la Comuna y la Comisi\u00f3n de Festejos del barrio La Paz. Se trabaj\u00f3 coordinadamente para implementar los protocolos de seguridad, fiscalizaci\u00f3n y limpieza correspondientes, para que los lugare\u00f1os y lugare\u00f1as puedan disfrutar en familia de un festejo con las mejores condiciones.<\/p>\n","protected":false},"excerpt":{"rendered":"<p>La intendenta<\/p>\n","protected":false},"author":1,"featured_media":39574,"comment_status":"open","ping_status":"open","sticky":false,"template":"","format":"standard","meta":{"footnotes":""},"categories":[1,2],"tags":[35,17],"class_list":["post-30306","post","type-post","status-publish","format-standard","has-post-thumbnail","hentry","category-destacados","category-quilmes","tag-municipio-de-quilmes","tag-quilmes"],"_links":{"self":[{"href":"https:\/\/panoramadelsur.com.ar\/index.php?rest_route=\/wp\/v2\/posts\/30306","targetHints":{"allow":["GET"]}}],"collection":[{"href":"https:\/\/panoramadelsur.com.ar\/index.php?rest_route=\/wp\/v2\/posts"}],"about":[{"href":"https:\/\/panoramadelsur.com.ar\/index.php?rest_route=\/wp\/v2\/types\/post"}],"author":[{"embeddable":true,"href":"https:\/\/panoramadelsur.com.ar\/index.php?rest_route=\/wp\/v2\/users\/1"}],"replies":[{"embeddable":true,"href":"https:\/\/panoramadelsur.com.ar\/index.php?rest_route=%2Fwp%2Fv2%2Fcomments&post=30306"}],"version-history":[{"count":1,"href":"https:\/\/panoramadelsur.com.ar\/index.php?rest_route=\/wp\/v2\/posts\/30306\/revisions"}],"predecessor-version":[{"id":30308,"href":"https:\/\/panoramadelsur.com.ar\/index.php?rest_route=\/wp\/v2\/posts\/30306\/revisions\/30308"}],"wp:featuredmedia":[{"embeddable":true,"href":"https:\/\/panoramadelsur.com.ar\/index.php?rest_route=\/wp\/v2\/media\/39574"}],"wp:attachment":[{"href":"https:\/\/panoramadelsur.com.ar\/index.php?rest_route=%2Fwp%2Fv2%2Fmedia&parent=30306"}],"wp:term":[{"taxonomy":"category","embeddable":true,"href":"https:\/\/panoramadelsur.com.ar\/index.php?rest_route=%2Fwp%2Fv2%2Fcategories&post=30306"},{"taxonomy":"post_tag","embeddable":true,"href":"https:\/\/panoramadelsur.com.ar\/index.php?rest_route=%2Fwp%2Fv2%2Ftags&post=30306"}],"curies":[{"name":"wp","href":"https:\/\/api.w.org\/{rel}","templated":true}]}}