{"id":3031,"date":"2021-04-19T01:01:00","date_gmt":"2021-04-19T01:01:00","guid":{"rendered":"http:\/\/panoramadelsur.com.ar\/?p=3031"},"modified":"2021-04-18T23:57:46","modified_gmt":"2021-04-18T23:57:46","slug":"se-redujo-43-la-cantidad-de-personas-que-utilizaron-el-transporte-publico-en-el-amba-v","status":"publish","type":"post","link":"https:\/\/panoramadelsur.com.ar\/?p=3031","title":{"rendered":"Se redujo 43% la cantidad de personas que utilizaron el transporte p\u00fablico en el AMBA"},"content":{"rendered":"\n<p class=\"wp-block-paragraph\">El viernes pasado, cuando comenzaron a regir las nuevas medidas para hacer frente a la emergencia sanitaria, se redujo un 43% la cantidad de personas que utilizaron el transporte p\u00fablico en el \u00c1rea Metropolitana de Buenos Aires (AMBA) en relaci\u00f3n al viernes 9 de abril, inform\u00f3 el Ministerio de Transporte.<\/p>\n\n\n\n<p class=\"wp-block-paragraph\">El viernes \u00faltimo, durante la franja horaria de 20 a 0, circularon 151.740 pasajeros y pasajeros, frente a las 267.971 del 9 de abril.<\/p>\n\n\n\n<p class=\"wp-block-paragraph\">Desde la vuelta a clases, se registr\u00f3 un pico de 2.518.590 personas que viajaron en transporte p\u00fablico en la semana del 29 al 31 de marzo, un 25% m\u00e1s de usuarios y usuarias en comparaci\u00f3n a la semana previa de la vuelta a clases presenciales, en la cual se movilizaron 2.026.394 personas.<\/p>\n\n\n\n<p class=\"wp-block-paragraph\">El s\u00e1bado, la circulaci\u00f3n en transporte p\u00fablico fue de 1.259.009 personas en el AMBA, un 53% menos frente al promedio registrado previo al aislamiento (4.242.450).<\/p>\n\n\n\n<p class=\"wp-block-paragraph\">Durante la semana que concluye hubo una reducci\u00f3n de 173.689 pasajeros y pasajeras si se compara el promedio con la semana anterior, lo que significa una reducci\u00f3n del 7%.<\/p>\n\n\n\n<p class=\"wp-block-paragraph\">En promedio, se registr\u00f3 esta semana un aumento de 142.153 personas en comparaci\u00f3n a la previa al inicio de las clases presenciales, o sea 7% m\u00e1s entre el promedio del 8 al 12 de febrero (2.026.394) y del 12 al 16 de abril (2.168.547).<\/p>\n\n\n\n<p class=\"wp-block-paragraph\">Seg\u00fan el relevamiento, el promedio diario parcial de abril fue 2.255.391 de pasajeras y pasajeros; en marzo 2.422.061; en febrero 2.060.132 y en enero 1.853.329.<\/p>\n\n\n\n<p class=\"wp-block-paragraph\">El Ministerio record\u00f3 que el transporte p\u00fablico puede ser utilizado \u00fanicamente por pasajeros y pasajeras esenciales que cuenten con Certificado \u00danico Habilitante para la Circulaci\u00f3n, DNI, n\u00famero de SUBE vinculado al certificado y tapaboca obligatorio.<\/p>\n","protected":false},"excerpt":{"rendered":"<p>El viernes<\/p>\n","protected":false},"author":1,"featured_media":39574,"comment_status":"open","ping_status":"open","sticky":false,"template":"","format":"standard","meta":{"footnotes":""},"categories":[10,5],"tags":[],"class_list":["post-3031","post","type-post","status-publish","format-standard","has-post-thumbnail","hentry","category-mas-noticias","category-provincia"],"_links":{"self":[{"href":"https:\/\/panoramadelsur.com.ar\/index.php?rest_route=\/wp\/v2\/posts\/3031","targetHints":{"allow":["GET"]}}],"collection":[{"href":"https:\/\/panoramadelsur.com.ar\/index.php?rest_route=\/wp\/v2\/posts"}],"about":[{"href":"https:\/\/panoramadelsur.com.ar\/index.php?rest_route=\/wp\/v2\/types\/post"}],"author":[{"embeddable":true,"href":"https:\/\/panoramadelsur.com.ar\/index.php?rest_route=\/wp\/v2\/users\/1"}],"replies":[{"embeddable":true,"href":"https:\/\/panoramadelsur.com.ar\/index.php?rest_route=%2Fwp%2Fv2%2Fcomments&post=3031"}],"version-history":[{"count":2,"href":"https:\/\/panoramadelsur.com.ar\/index.php?rest_route=\/wp\/v2\/posts\/3031\/revisions"}],"predecessor-version":[{"id":3034,"href":"https:\/\/panoramadelsur.com.ar\/index.php?rest_route=\/wp\/v2\/posts\/3031\/revisions\/3034"}],"wp:featuredmedia":[{"embeddable":true,"href":"https:\/\/panoramadelsur.com.ar\/index.php?rest_route=\/wp\/v2\/media\/39574"}],"wp:attachment":[{"href":"https:\/\/panoramadelsur.com.ar\/index.php?rest_route=%2Fwp%2Fv2%2Fmedia&parent=3031"}],"wp:term":[{"taxonomy":"category","embeddable":true,"href":"https:\/\/panoramadelsur.com.ar\/index.php?rest_route=%2Fwp%2Fv2%2Fcategories&post=3031"},{"taxonomy":"post_tag","embeddable":true,"href":"https:\/\/panoramadelsur.com.ar\/index.php?rest_route=%2Fwp%2Fv2%2Ftags&post=3031"}],"curies":[{"name":"wp","href":"https:\/\/api.w.org\/{rel}","templated":true}]}}