{"id":30383,"date":"2022-09-28T01:09:00","date_gmt":"2022-09-28T04:09:00","guid":{"rendered":"https:\/\/panoramadelsur.com.ar\/?p=30383"},"modified":"2022-09-27T21:57:27","modified_gmt":"2022-09-28T00:57:27","slug":"river-enfrentara-a-patronato-con-una-semifinal-superclasica-en-el-horizonte","status":"publish","type":"post","link":"https:\/\/panoramadelsur.com.ar\/?p=30383","title":{"rendered":"RIVER ENFRENTAR\u00c1 A PATRONATO CON UNA SEMIFINAL SUPERCL\u00c1SICA EN EL HORIZONTE"},"content":{"rendered":"\n<p class=\"wp-block-paragraph\">River Plate enfrentar\u00e1 este mi\u00e9rcoles a Patronato por los cuartos de final de la Copa Argentina, con la posibilidad latente de cruzarse con Boca Juniors en la pr\u00f3xima instancia del torneo federal.<\/p>\n\n\n\n<p class=\"wp-block-paragraph\">El partido se disputar\u00e1 desde las 19 en el estadio Carlos Augusto Mercado Luna de La Rioja, con arbitraje de Fernando Espinoza y transmisi\u00f3n de TyC Sports.<\/p>\n\n\n\n<p class=\"wp-block-paragraph\">El cruce tendr\u00e1 un condimento especial ya que existe la posibilidad de un Supercl\u00e1sico en semifinales si Boca Juniors pasa su llave ante Quilmes, tambi\u00e9n este mi\u00e9rcoles pero en el turno de las 22.<\/p>\n\n\n\n<p class=\"wp-block-paragraph\">El \u00abmillonario\u00bb, que accedi\u00f3 a esta instancia tras golear a Defensa y Justicia por 4-0, buscar\u00e1 recuperarse luego de la derrota del pasado s\u00e1bado en el Monumental contra Talleres (1-0) que lo dej\u00f3 a nueve puntos del l\u00edder, Atl\u00e9tico Tucum\u00e1n, con 18 en juego.<\/p>\n\n\n\n<p class=\"wp-block-paragraph\">El equipo de Marcelo Gallardo perdi\u00f3 tres de los \u00faltimos cinco partidos, entre ellos el Supercl\u00e1sico contra Boca (1-0) en la Bombonera, el pasado 11 de septiembre.<\/p>\n\n\n\n<p class=\"wp-block-paragraph\">La Copa Argentina, no obstante, le sienta bien a River ya que jug\u00f3 semifinales en cinco de las \u00faltimas seis ediciones y gan\u00f3 el trofeo en 2019, 2017 y 2016.<\/p>\n\n\n\n<p class=\"wp-block-paragraph\">Patronato de Paran\u00e1 est\u00e1 muy comprometido con el descenso a la Primera Nacional pero se ilusiona con dar la sorpresa en la Copa Argentina.<\/p>\n\n\n\n<p class=\"wp-block-paragraph\">El entrenador Facundo Sava reconoci\u00f3 tras la derrota del s\u00e1bado contra Defensa y Justicia (2-1) que las chances de la permanencia son \u00abcada vez menos\u00bb.<\/p>\n\n\n\n<p class=\"wp-block-paragraph\">El \u00abPatr\u00f3n\u00bb est\u00e1 \u00faltimo en la tabla de los promedios con 98 puntos y Arsenal, el primero que est\u00e1 afuera de la zona de descenso, le sac\u00f3 10 y Godoy Cruz, 14.<\/p>\n\n\n\n<p class=\"wp-block-paragraph\">En la Copa Argentina, el conjunto de Paran\u00e1 empez\u00f3 su camino con una victoria ante Mor\u00f3n. Despu\u00e9s elimin\u00f3 a Col\u00f3n (por penales), y a Gimnasia y Esgrima La Plata tras ganarle 2-1 en Chaco.<\/p>\n\n\n\n<p class=\"wp-block-paragraph\">En la pasada edici\u00f3n, Patronato tambi\u00e9n lleg\u00f3 a cuartos de final y qued\u00f3 afuera contra el campe\u00f3n, Boca Juniors, por penales.<\/p>\n\n\n\n<p class=\"wp-block-paragraph\">River volver\u00e1 a cambiar el equipo pero lo \u00fanico seguro es que volver\u00e1n Enzo P\u00e9rez y Andr\u00e9s Herrera, quienes no jugaron el s\u00e1bado pasado ante la \u00abT\u00bb por suspensi\u00f3n.<\/p>\n\n\n\n<p class=\"wp-block-paragraph\">Luego, el \u00abMu\u00f1eco\u00bb Gallardo podr\u00eda realizar variantes en la parte ofensiva con los ingresos de Juan Fernando Quintero y Lucas Beltr\u00e1n pero como es habitual siempre se puede esperar una sorpresa.<\/p>\n\n\n\n<p class=\"wp-block-paragraph\">Para este compromiso tampoco estar\u00e1n los futbolistas afectados a la fecha FIFA: Franco Armani, el chileno Paulo D\u00edaz y el uruguayo Nicol\u00e1s De La Cruz.<\/p>\n\n\n\n<p class=\"wp-block-paragraph\">Y tampoco fue incluido en la convocatoria el mediocampista Santiago Sim\u00f3n, quien se recupera de un esguince en el tobillo derecho.<\/p>\n\n\n\n<p class=\"wp-block-paragraph\">Al igual que contra Talleres, Gallardo convoc\u00f3 a los juveniles Franco Alfonso, mediocampista categor\u00eda 2002; y al delantero Joaqu\u00edn Panichelli, quien el pr\u00f3ximo 7 de octubre cumplir\u00e1 20 a\u00f1os.<\/p>\n\n\n\n<p class=\"wp-block-paragraph\">Por el lado de Patronato, Sava tendr\u00eda en mente presentar un equipo alternativo y guardar algunos jugadores para el trascendental partido del domingo cuando recibir\u00e1 al l\u00edder, Atl\u00e9tico Tucum\u00e1n, por la fecha 22da del torneo de la Liga Profesional.<\/p>\n\n\n\n<p class=\"wp-block-paragraph\">Tiago Banega, Sebasti\u00e1n Medina, Facundo Cobos y Jonathan Herrera ser\u00edan algunos de los futbolistas preservados por el cuerpo t\u00e9cnico del \u00abColo\u00bb Sava.<\/p>\n\n\n\n<p class=\"wp-block-paragraph\">Este ser\u00e1 el segundo enfrentamiento entre River y Patronato por una Copa Nacional.<\/p>\n\n\n\n<p class=\"wp-block-paragraph\">El primer antecedente fue en febrero de este a\u00f1o por la Copa de la Liga, con un triunfo 4-1 para River en N\u00fa\u00f1ez<\/p>\n\n\n\n<p class=\"wp-block-paragraph\">En Primera Divisi\u00f3n, jugaron seis veces y est\u00e1n igualados en el historial con tres triunfos por lado.<\/p>\n\n\n\n<p class=\"wp-block-paragraph\">Para completar la historia tambi\u00e9n est\u00e1n los dos cruces en la Primera B Nacional que tambi\u00e9n estuvo repartido: triunfo 1-0 en 2011 en el Monumental para el local y unos meses despu\u00e9s, en 2012, Patronato gan\u00f3 como local por el mismo marcador en la cancha de Rosario Central.<\/p>\n\n\n\n<p class=\"wp-block-paragraph\">&#8211;Posibles formaciones&#8211;<\/p>\n\n\n\n<p class=\"wp-block-paragraph\">River Plate: Ezequiel Centuri\u00f3n; Andr\u00e9s Herrera, Emanuel Mammana, Javier Pinola y Milton Casco; Agust\u00edn Palavecino, Enzo P\u00e9rez, Esequiel Barco y Juan Fernando Quintero; Pablo Solari y Lucas Beltr\u00e1n. DT: Marcelo Gallardo.<\/p>\n\n\n\n<p class=\"wp-block-paragraph\">Patronato: Facundo Altamirano; Ra\u00fal Lozano, Juan Guasone, Carlos Quintana y Lucas Kruspzky; Jon\u00e1s Acevedo, Franco Leys, Jorge Valdez Chamorro o Nicol\u00e1s Castro y Mat\u00edas Pardo; Axel Rodr\u00edguez y Marcelo Estigarribia. DT: Facundo Sava.<\/p>\n\n\n\n<p class=\"wp-block-paragraph\">Hora: 19.00<\/p>\n\n\n\n<p class=\"wp-block-paragraph\">Estadio: Carlos Augusto Mercado Luna (La Rioja)<\/p>\n\n\n\n<p class=\"wp-block-paragraph\">\u00c1rbitro: Fernando Espinoza<\/p>\n\n\n\n<p class=\"wp-block-paragraph\">TV: TyC Sports.<\/p>\n\n\n\n<p class=\"wp-block-paragraph\"><\/p>\n","protected":false},"excerpt":{"rendered":"<p>River Plate<\/p>\n","protected":false},"author":1,"featured_media":39574,"comment_status":"open","ping_status":"open","sticky":false,"template":"","format":"standard","meta":{"footnotes":""},"categories":[6],"tags":[],"class_list":["post-30383","post","type-post","status-publish","format-standard","has-post-thumbnail","hentry","category-deportes"],"_links":{"self":[{"href":"https:\/\/panoramadelsur.com.ar\/index.php?rest_route=\/wp\/v2\/posts\/30383","targetHints":{"allow":["GET"]}}],"collection":[{"href":"https:\/\/panoramadelsur.com.ar\/index.php?rest_route=\/wp\/v2\/posts"}],"about":[{"href":"https:\/\/panoramadelsur.com.ar\/index.php?rest_route=\/wp\/v2\/types\/post"}],"author":[{"embeddable":true,"href":"https:\/\/panoramadelsur.com.ar\/index.php?rest_route=\/wp\/v2\/users\/1"}],"replies":[{"embeddable":true,"href":"https:\/\/panoramadelsur.com.ar\/index.php?rest_route=%2Fwp%2Fv2%2Fcomments&post=30383"}],"version-history":[{"count":1,"href":"https:\/\/panoramadelsur.com.ar\/index.php?rest_route=\/wp\/v2\/posts\/30383\/revisions"}],"predecessor-version":[{"id":30385,"href":"https:\/\/panoramadelsur.com.ar\/index.php?rest_route=\/wp\/v2\/posts\/30383\/revisions\/30385"}],"wp:featuredmedia":[{"embeddable":true,"href":"https:\/\/panoramadelsur.com.ar\/index.php?rest_route=\/wp\/v2\/media\/39574"}],"wp:attachment":[{"href":"https:\/\/panoramadelsur.com.ar\/index.php?rest_route=%2Fwp%2Fv2%2Fmedia&parent=30383"}],"wp:term":[{"taxonomy":"category","embeddable":true,"href":"https:\/\/panoramadelsur.com.ar\/index.php?rest_route=%2Fwp%2Fv2%2Fcategories&post=30383"},{"taxonomy":"post_tag","embeddable":true,"href":"https:\/\/panoramadelsur.com.ar\/index.php?rest_route=%2Fwp%2Fv2%2Ftags&post=30383"}],"curies":[{"name":"wp","href":"https:\/\/api.w.org\/{rel}","templated":true}]}}