{"id":30386,"date":"2022-09-28T01:08:00","date_gmt":"2022-09-28T04:08:00","guid":{"rendered":"https:\/\/panoramadelsur.com.ar\/?p=30386"},"modified":"2022-09-27T22:26:04","modified_gmt":"2022-09-28T01:26:04","slug":"independiente-y-talleres-de-cordoba-buscan-un-lugar-en-las-semifinales-de-la-copa-argentina","status":"publish","type":"post","link":"https:\/\/panoramadelsur.com.ar\/?p=30386","title":{"rendered":"INDEPENDIENTE Y TALLERES DE C\u00d3RDOBA BUSCAN UN LUGAR EN LAS SEMIFINALES DE LA COPA ARGENTINA"},"content":{"rendered":"\n<p class=\"wp-block-paragraph\">Independiente, envalentonado por una seguidilla de cinco victorias consecutivas, enfrentar\u00e1 este mi\u00e9rcoles a Talleres de C\u00f3rdoba en un encuentro correspondiente a los cuartos de final de la Copa Argentina.<\/p>\n\n\n\n<p class=\"wp-block-paragraph\">El partido se jugar\u00e1 desde las 16 en el estadio Centenario, de la provincia de Chaco, con el arbitraje de Hern\u00e1n Mastr\u00e1ngelo y la televisaci\u00f3n de TyC Sports.<\/p>\n\n\n\n<p class=\"wp-block-paragraph\">El \u00abRojo\u00bb viene de cinco triunfos seguidos, cuatro de ellos por la Liga Profesional de F\u00fatbol (LPF) y uno por Copa Argentina ante V\u00e9lez (2-0) en la instancia previa.<\/p>\n\n\n\n<p class=\"wp-block-paragraph\">El entrenador Julio C\u00e9sar Falcioni tiene una duda en defensa: mantener a Edgar Elizalde como titular en el lateral izquierdo o darle rodaje a Lucas Rodr\u00edguez.<\/p>\n\n\n\n<p class=\"wp-block-paragraph\">El mediocampo ser\u00e1 el mismo que sali\u00f3 desde el arranque en la victoria por 1-0 ante Newell\u00b4s Old Boys el s\u00e1bado pasado en el estadio Ricardo Bochini, mientras que Rodrigo M\u00e1rquez le dejar\u00e1 su lugar a Leandro Fern\u00e1ndez para sumarse en la delantera junto con Leandro Benegas.<\/p>\n\n\n\n<p class=\"wp-block-paragraph\">El conjunto cordob\u00e9s, por su parte, accedi\u00f3 a la presente fase tras haberle ganado por 2-1 a Newell\u00b4s Old Boys, mientras que por el torneo local viene de vencer por 1-0 a River Plate en el estadio Monumental.<\/p>\n\n\n\n<p class=\"wp-block-paragraph\">El t\u00e9cnico Javier Gandolfi pondr\u00e1 en cancha a los mismos once jugadores que salieron en el choque ante el conjunto \u00abmillonario\u00bb el s\u00e1bado pasado.<\/p>\n\n\n\n<p class=\"wp-block-paragraph\">El vencedor de esta llave se enfrentar\u00e1 a Banfield, que venci\u00f3 ayer a Godoy Cruz de Mendoza.<\/p>\n\n\n\n<p class=\"wp-block-paragraph\">&#8211;Posibles formaciones&#8211;<\/p>\n\n\n\n<p class=\"wp-block-paragraph\">Independiente: Milton \u00c1lvarez; Alex Vigo, Sergio Barreto, Juan Insaurralde, Lucas Rodr\u00edguez o Edgar Elizalde; Dami\u00e1n Batallini, Lucas Romero, Iv\u00e1n Marcone, Tom\u00e1s Pozzo; Leandro Fern\u00e1ndez, Leandro Benegas. DT: Julio Falcioni.<\/p>\n\n\n\n<p class=\"wp-block-paragraph\">Talleres: Guido Herrera; Gast\u00f3n Benav\u00eddez, Mat\u00edas Catal\u00e1n, Rafael P\u00e9rez, Enzo D\u00edaz; Christian Oliva, Rodrigo Villagra; Diego Valoyes, Rodrigo Garro, Francisco Pizzini; Mat\u00edas Godoy. DT: Javier Gandolfi.<\/p>\n\n\n\n<p class=\"wp-block-paragraph\">\u00c1rbitro: Hern\u00e1n Mastr\u00e1ngelo.<\/p>\n\n\n\n<p class=\"wp-block-paragraph\">Estadio: Centenario (Chaco).<\/p>\n\n\n\n<p class=\"wp-block-paragraph\">Hora: 16.00.<\/p>\n\n\n\n<p class=\"wp-block-paragraph\">TV: TyC Sports.<\/p>\n","protected":false},"excerpt":{"rendered":"<p>Independiente, envalentonado<\/p>\n","protected":false},"author":1,"featured_media":39574,"comment_status":"open","ping_status":"open","sticky":false,"template":"","format":"standard","meta":{"footnotes":""},"categories":[6],"tags":[],"class_list":["post-30386","post","type-post","status-publish","format-standard","has-post-thumbnail","hentry","category-deportes"],"_links":{"self":[{"href":"https:\/\/panoramadelsur.com.ar\/index.php?rest_route=\/wp\/v2\/posts\/30386","targetHints":{"allow":["GET"]}}],"collection":[{"href":"https:\/\/panoramadelsur.com.ar\/index.php?rest_route=\/wp\/v2\/posts"}],"about":[{"href":"https:\/\/panoramadelsur.com.ar\/index.php?rest_route=\/wp\/v2\/types\/post"}],"author":[{"embeddable":true,"href":"https:\/\/panoramadelsur.com.ar\/index.php?rest_route=\/wp\/v2\/users\/1"}],"replies":[{"embeddable":true,"href":"https:\/\/panoramadelsur.com.ar\/index.php?rest_route=%2Fwp%2Fv2%2Fcomments&post=30386"}],"version-history":[{"count":1,"href":"https:\/\/panoramadelsur.com.ar\/index.php?rest_route=\/wp\/v2\/posts\/30386\/revisions"}],"predecessor-version":[{"id":30388,"href":"https:\/\/panoramadelsur.com.ar\/index.php?rest_route=\/wp\/v2\/posts\/30386\/revisions\/30388"}],"wp:featuredmedia":[{"embeddable":true,"href":"https:\/\/panoramadelsur.com.ar\/index.php?rest_route=\/wp\/v2\/media\/39574"}],"wp:attachment":[{"href":"https:\/\/panoramadelsur.com.ar\/index.php?rest_route=%2Fwp%2Fv2%2Fmedia&parent=30386"}],"wp:term":[{"taxonomy":"category","embeddable":true,"href":"https:\/\/panoramadelsur.com.ar\/index.php?rest_route=%2Fwp%2Fv2%2Fcategories&post=30386"},{"taxonomy":"post_tag","embeddable":true,"href":"https:\/\/panoramadelsur.com.ar\/index.php?rest_route=%2Fwp%2Fv2%2Ftags&post=30386"}],"curies":[{"name":"wp","href":"https:\/\/api.w.org\/{rel}","templated":true}]}}