{"id":30397,"date":"2022-09-28T01:07:00","date_gmt":"2022-09-28T04:07:00","guid":{"rendered":"https:\/\/panoramadelsur.com.ar\/?p=30397"},"modified":"2022-09-27T23:53:11","modified_gmt":"2022-09-28T02:53:11","slug":"fernando-rapallini-sera-el-arbitro-del-clasico-san-lorenzo-huracan","status":"publish","type":"post","link":"https:\/\/panoramadelsur.com.ar\/?p=30397","title":{"rendered":"FERNANDO RAPALLINI SER\u00c1 EL \u00c1RBITRO DEL CL\u00c1SICO SAN LORENZO-HURAC\u00c1N"},"content":{"rendered":"\n<p class=\"wp-block-paragraph\">Fernando Rapallini, uno de los representantes del arbitraje argentino en Qatar 2022, fue designado para el cl\u00e1sico que el pr\u00f3ximo s\u00e1bado jugar\u00e1n San Lorenzo y Hurac\u00e1n por la 22da. fecha del torneo 2022 de la Liga Profesional de F\u00fatbol (LPF).<\/p>\n\n\n\n<p class=\"wp-block-paragraph\">Rapallini estar\u00e1 acompa\u00f1ado por los asistentes Juan Pablo Belatti y Diego Bonf\u00e1, quienes tambi\u00e9n viajar\u00e1n a la Copa del Mundo, y el cuarto \u00e1rbitro ser\u00e1 Nicol\u00e1s Lamolina.<\/p>\n\n\n\n<p class=\"wp-block-paragraph\">Las duplas que se encargar\u00e1n del VAR todav\u00eda no fueron anunciadas.<\/p>\n\n\n\n<p class=\"wp-block-paragraph\">El cl\u00e1sico porte\u00f1o entre San Lorenzo y Hurac\u00e1n se jugar\u00e1 el s\u00e1bado a las 15.30 en el estadio Pedro Bidegain.<\/p>\n\n\n\n<p class=\"wp-block-paragraph\">Patricio Loustau ser\u00e1 el \u00e1rbitro del Boca-V\u00e9lez, el domingo a las 18; mientras que Yael Falc\u00f3n P\u00e9rez estar\u00e1 en La Paternal para controlar Argentinos Juniors-River, a las 20.30 tambi\u00e9n del domingo.<\/p>\n\n\n\n<p class=\"wp-block-paragraph\">El l\u00edder Atl\u00e9tico Tucum\u00e1n jugar\u00e1 el domingo en Paran\u00e1 contra Patronato, con arbitraje de Hern\u00e1n Mastr\u00e1ngelo.<\/p>\n\n\n\n<p class=\"wp-block-paragraph\">El programa completo es el siguiente:<\/p>\n\n\n\n<h2 class=\"wp-block-heading\">=Jueves 29 de septiembre=<\/h2>\n\n\n\n<p class=\"wp-block-paragraph\">15.30 Barracas Central \u2013 Gimnasia<\/p>\n\n\n\n<p class=\"wp-block-paragraph\">\u00c1rbitro: Andr\u00e9s Merlos<\/p>\n\n\n\n<p class=\"wp-block-paragraph\">Asistente 1: Miguel Savorani<\/p>\n\n\n\n<p class=\"wp-block-paragraph\">Asistente 2: Gerardo Lencina<\/p>\n\n\n\n<p class=\"wp-block-paragraph\">Cuarto \u00e1rbitro: Mariano Negrette<\/p>\n\n\n\n<h2 class=\"wp-block-heading\">=Viernes 30 de septiembre=<\/h2>\n\n\n\n<p class=\"wp-block-paragraph\">19.00 Estudiantes \u2013 Col\u00f3n<\/p>\n\n\n\n<p class=\"wp-block-paragraph\">\u00c1rbitro: Leandro Rey Hilfer<\/p>\n\n\n\n<p class=\"wp-block-paragraph\">Asistente 1: Ariel Scime<\/p>\n\n\n\n<p class=\"wp-block-paragraph\">Asistente 2: Lucas Pardo<\/p>\n\n\n\n<p class=\"wp-block-paragraph\">Cuarto \u00e1rbitro: Cristian Cernadas<\/p>\n\n\n\n<p class=\"wp-block-paragraph\">19.00 Tigre \u2013 Aldosivi<\/p>\n\n\n\n<p class=\"wp-block-paragraph\">\u00c1rbitro: Jorge Bali\u00f1o<\/p>\n\n\n\n<p class=\"wp-block-paragraph\">Asistente 1: Cristian Navarro<\/p>\n\n\n\n<p class=\"wp-block-paragraph\">Asistente 2: Adri\u00e1n Delbarba<\/p>\n\n\n\n<p class=\"wp-block-paragraph\">Cuarto \u00e1rbitro: H\u00e9ctor Paletta<\/p>\n\n\n\n<p class=\"wp-block-paragraph\">21.30 Uni\u00f3n \u2013 Newell\u2019s<\/p>\n\n\n\n<p class=\"wp-block-paragraph\">\u00c1rbitro: Dar\u00edo Herrera<\/p>\n\n\n\n<p class=\"wp-block-paragraph\">Asistente 1: Marcelo Bistocco<\/p>\n\n\n\n<p class=\"wp-block-paragraph\">Asistente 2: Ernesto Calegari<\/p>\n\n\n\n<p class=\"wp-block-paragraph\">Cuarto \u00e1rbitro: Dar\u00edo Sandoval<\/p>\n\n\n\n<p class=\"wp-block-paragraph\">21.30 Racing \u2013 Rosario Central<\/p>\n\n\n\n<p class=\"wp-block-paragraph\">\u00c1rbitro: Pablo Echavarr\u00eda<\/p>\n\n\n\n<p class=\"wp-block-paragraph\">Asistente 1: Gabriel Chade<\/p>\n\n\n\n<p class=\"wp-block-paragraph\">Asistente 2: Maximiliano Castelli<\/p>\n\n\n\n<p class=\"wp-block-paragraph\">Cuarto \u00e1rbitro: Bruno Bocca<\/p>\n\n\n\n<h2 class=\"wp-block-heading\">= S\u00e1bado 1 de octubre=<\/h2>\n\n\n\n<p class=\"wp-block-paragraph\">13.00 Central C\u00f3rdoba \u2013 Sarmiento<\/p>\n\n\n\n<p class=\"wp-block-paragraph\">\u00c1rbitro: Facundo Tello<\/p>\n\n\n\n<p class=\"wp-block-paragraph\">Asistente 1: Facundo Rodr\u00edguez<\/p>\n\n\n\n<p class=\"wp-block-paragraph\">Asistente 2: Julio Fern\u00e1ndez<\/p>\n\n\n\n<p class=\"wp-block-paragraph\">Cuarto \u00e1rbitro: Federico Guaymas<\/p>\n\n\n\n<p class=\"wp-block-paragraph\">13.00 Platense \u2013 Defensa y Justicia<\/p>\n\n\n\n<p class=\"wp-block-paragraph\">\u00c1rbitro: Nazareno Arasa<\/p>\n\n\n\n<p class=\"wp-block-paragraph\">Asistente 1: Hugo P\u00e1ez<\/p>\n\n\n\n<p class=\"wp-block-paragraph\">Asistente 2: Manuel S\u00e1nchez<\/p>\n\n\n\n<p class=\"wp-block-paragraph\">Cuarto \u00e1rbitro: Gast\u00f3n Su\u00e1rez<\/p>\n\n\n\n<p class=\"wp-block-paragraph\">15.30 San Lorenzo \u2013 Hurac\u00e1n<\/p>\n\n\n\n<p class=\"wp-block-paragraph\">\u00c1rbitro: Fernando Rapallini<\/p>\n\n\n\n<p class=\"wp-block-paragraph\">Asistente 1: Juan Pablo Belatti<\/p>\n\n\n\n<p class=\"wp-block-paragraph\">Asistente 2: Diego Bonf\u00e1<\/p>\n\n\n\n<p class=\"wp-block-paragraph\">Cuarto \u00e1rbitro: Nicol\u00e1s Lamolina<\/p>\n\n\n\n<p class=\"wp-block-paragraph\">18.00 Banfield \u2013 Godoy Cruz<\/p>\n\n\n\n<p class=\"wp-block-paragraph\">\u00c1rbitro: Ariel Penel<\/p>\n\n\n\n<p class=\"wp-block-paragraph\">Asistente 1: Juan Manuel V\u00e1zquez<\/p>\n\n\n\n<p class=\"wp-block-paragraph\">Asistenta 2: Gisella Bosso<\/p>\n\n\n\n<p class=\"wp-block-paragraph\">Cuarto \u00e1rbitro: Juan Pafundi<\/p>\n\n\n\n<p class=\"wp-block-paragraph\">20.30 Arsenal \u2013 Independiente<\/p>\n\n\n\n<p class=\"wp-block-paragraph\">\u00c1rbitro: Fernando Espinoza<\/p>\n\n\n\n<p class=\"wp-block-paragraph\">Asistente 1: Ezequiel Brailovsky<\/p>\n\n\n\n<p class=\"wp-block-paragraph\">Asistente 2: Pablo Acevedo<\/p>\n\n\n\n<p class=\"wp-block-paragraph\">Cuarto \u00e1rbitro: Lucas Comesa\u00f1a<\/p>\n\n\n\n<h2 class=\"wp-block-heading\">=Domingo 2 de octubre=<\/h2>\n\n\n\n<p class=\"wp-block-paragraph\">15.30 Patronato \u2013 Atl\u00e9tico Tucum\u00e1n<\/p>\n\n\n\n<p class=\"wp-block-paragraph\">\u00c1rbitro: Hern\u00e1n Mastr\u00e1ngelo<\/p>\n\n\n\n<p class=\"wp-block-paragraph\">Asistente 1: Sebasti\u00e1n Raineri<\/p>\n\n\n\n<p class=\"wp-block-paragraph\">Asistente 2: Eduardo Lucero<\/p>\n\n\n\n<p class=\"wp-block-paragraph\">Cuarto \u00e1rbitro: Enzo Silvestre<\/p>\n\n\n\n<p class=\"wp-block-paragraph\">15.30 Talleres \u2013 Lan\u00fas<\/p>\n\n\n\n<p class=\"wp-block-paragraph\">\u00c1rbitro: Nicol\u00e1s Ram\u00edrez<\/p>\n\n\n\n<p class=\"wp-block-paragraph\">Asistente 1: Javier Uziga<\/p>\n\n\n\n<p class=\"wp-block-paragraph\">Asistente 2: Diego Mart\u00edn<\/p>\n\n\n\n<p class=\"wp-block-paragraph\">Cuarto \u00e1rbitro: Brian Ferreyra<\/p>\n\n\n\n<p class=\"wp-block-paragraph\">18.00 Boca \u2013 V\u00e9lez<\/p>\n\n\n\n<p class=\"wp-block-paragraph\">\u00c1rbitro: Patricio Loustau<\/p>\n\n\n\n<p class=\"wp-block-paragraph\">Asistente 1: Maximiliano Del Yesso<\/p>\n\n\n\n<p class=\"wp-block-paragraph\">Asistente 2: Jos\u00e9 Castelli<\/p>\n\n\n\n<p class=\"wp-block-paragraph\">Cuarto \u00e1rbitro: Fernando Echenique<\/p>\n\n\n\n<p class=\"wp-block-paragraph\">20.30 Argentinos \u2013 River<\/p>\n\n\n\n<p class=\"wp-block-paragraph\">\u00c1rbitro: Yael Falc\u00f3n P\u00e9rez<\/p>\n\n\n\n<p class=\"wp-block-paragraph\">Asistente 1: Pablo Gonz\u00e1lez<\/p>\n\n\n\n<p class=\"wp-block-paragraph\">Asistente 2: Pablo Gualtieri<\/p>\n\n\n\n<p class=\"wp-block-paragraph\">Cuarto \u00e1rbitro: Pablo D\u00f3valo. <\/p>\n","protected":false},"excerpt":{"rendered":"<p>Fernando Rapallini,<\/p>\n","protected":false},"author":1,"featured_media":39574,"comment_status":"open","ping_status":"open","sticky":false,"template":"","format":"standard","meta":{"footnotes":""},"categories":[6],"tags":[],"class_list":["post-30397","post","type-post","status-publish","format-standard","has-post-thumbnail","hentry","category-deportes"],"_links":{"self":[{"href":"https:\/\/panoramadelsur.com.ar\/index.php?rest_route=\/wp\/v2\/posts\/30397","targetHints":{"allow":["GET"]}}],"collection":[{"href":"https:\/\/panoramadelsur.com.ar\/index.php?rest_route=\/wp\/v2\/posts"}],"about":[{"href":"https:\/\/panoramadelsur.com.ar\/index.php?rest_route=\/wp\/v2\/types\/post"}],"author":[{"embeddable":true,"href":"https:\/\/panoramadelsur.com.ar\/index.php?rest_route=\/wp\/v2\/users\/1"}],"replies":[{"embeddable":true,"href":"https:\/\/panoramadelsur.com.ar\/index.php?rest_route=%2Fwp%2Fv2%2Fcomments&post=30397"}],"version-history":[{"count":1,"href":"https:\/\/panoramadelsur.com.ar\/index.php?rest_route=\/wp\/v2\/posts\/30397\/revisions"}],"predecessor-version":[{"id":30399,"href":"https:\/\/panoramadelsur.com.ar\/index.php?rest_route=\/wp\/v2\/posts\/30397\/revisions\/30399"}],"wp:featuredmedia":[{"embeddable":true,"href":"https:\/\/panoramadelsur.com.ar\/index.php?rest_route=\/wp\/v2\/media\/39574"}],"wp:attachment":[{"href":"https:\/\/panoramadelsur.com.ar\/index.php?rest_route=%2Fwp%2Fv2%2Fmedia&parent=30397"}],"wp:term":[{"taxonomy":"category","embeddable":true,"href":"https:\/\/panoramadelsur.com.ar\/index.php?rest_route=%2Fwp%2Fv2%2Fcategories&post=30397"},{"taxonomy":"post_tag","embeddable":true,"href":"https:\/\/panoramadelsur.com.ar\/index.php?rest_route=%2Fwp%2Fv2%2Ftags&post=30397"}],"curies":[{"name":"wp","href":"https:\/\/api.w.org\/{rel}","templated":true}]}}