{"id":30411,"date":"2022-09-29T01:03:00","date_gmt":"2022-09-29T04:03:00","guid":{"rendered":"https:\/\/panoramadelsur.com.ar\/?p=30411"},"modified":"2022-09-28T11:47:45","modified_gmt":"2022-09-28T14:47:45","slug":"el-arzobispo-de-la-plata-realizara-este-jueves-un-acto-en-homenaje-al-papa-francisco","status":"publish","type":"post","link":"https:\/\/panoramadelsur.com.ar\/?p=30411","title":{"rendered":"EL ARZOBISPO DE LA PLATA REALIZAR\u00c1 ESTE JUEVES UN ACTO EN HOMENAJE AL PAPA FRANCISCO"},"content":{"rendered":"\n<p class=\"wp-block-paragraph\">El arzobispo de La Plata, V\u00edctor Manuel Fern\u00e1ndez, encabezar\u00e1 este jueves \u00abun gran acto de reconocimiento\u00bb al papa Francisco en la catedral de la capital bonaerense, al que invit\u00f3 \u00aba todos y todas, sin distinciones partidarias, religiosas o ideol\u00f3gicas\u00bb.<\/p>\n\n\n\n<p class=\"wp-block-paragraph\">\u00abDespu\u00e9s de casi diez a\u00f1os de la elecci\u00f3n de Francisco, en esta regi\u00f3n todav\u00eda le debemos un sentido homenaje. No hemos tenido un acto p\u00fablico importante de cercan\u00eda y reconocimiento\u00bb, plante\u00f3 el sacerdote en un comunicado.<\/p>\n\n\n\n<p class=\"wp-block-paragraph\">El encuentro se realizar\u00e1 desde las 17.15 en la catedral, ubicada en las calles 14 entre 51 y 53, y -seg\u00fan confirm\u00f3 el arzobispo- asistir\u00e1n el gobernador Axel Kicillof; y los intendentes Julio Garro (La Plata), Mario Secco (Ensenada), Fabi\u00e1n Cagliardi (Berisso) y Gonzalo Peluso (Magdalena); as\u00ed como personalidades de diferentes religiones, referentes culturales, sindicales, de organizaciones sociales y empresarios.<\/p>\n\n\n\n<p class=\"wp-block-paragraph\">\u00abM\u00e1s all\u00e1 de las diferencias que podamos tener con Francisco en algunos temas, en Argentina no podemos dejar de reconocer una cosa: que uno de los nuestros se ha convertido en un \u00edcono universal, en una persona a la cual el mundo presta atenci\u00f3n, en una figura significativa como pocas\u00bb, indic\u00f3 el arzobispo.<\/p>\n\n\n\n<p class=\"wp-block-paragraph\">En ese marco, destac\u00f3 que ello \u00abno vale s\u00f3lo para los cat\u00f3licos, sino tambi\u00e9n para todos quienes se sienten sostenidos por su mensaje y su ejemplo de entrega\u00bb y agreg\u00f3: \u00abAqu\u00ed, en nuestra regi\u00f3n todav\u00eda le deb\u00edamos este acto de reconocimiento, y aunque tengamos distintas visiones, no podemos ignorar que su mensaje social nos interpela a todos, nos invita a hacernos preguntas, nos convoca a no olvidar la enorme dignidad que tiene cada persona humana\u00bb.<\/p>\n\n\n\n<p class=\"wp-block-paragraph\">Analiz\u00f3 luego que \u00abel mejor homenaje es recoger su ense\u00f1anza y considerar si podemos aplicarla aqu\u00ed\u00bb, por lo que en el encuentro de este jueves se llevar\u00e1 a cabo \u00abun momento de reflexi\u00f3n acerca de sus dos enc\u00edclicas sociales: Laudato si\u2019 y Fratelli tutti\u00bb.<\/p>\n\n\n\n<p class=\"wp-block-paragraph\">Seg\u00fan explic\u00f3, en el acto de este jueves expondr\u00e1 brevemente los contenidos de esos documentos, en tanto que \u00abun equipo de especialistas mostrar\u00e1 algunos desaf\u00edos locales que el mensaje de Francisco nos plantea\u00bb.<\/p>\n\n\n\n<p class=\"wp-block-paragraph\">\u00abTanto en lo que respecta al cuidado de nuestra casa com\u00fan, como en todo lo relacionado con la dignidad de cada persona humana, Francisco ha ofrecido al mundo una palabra contundente y atractiva\u00bb, reflexion\u00f3 el prelado.<\/p>\n\n\n\n<p class=\"wp-block-paragraph\">En declaraciones formuladas a 221 Radio, Fern\u00e1ndez expuso que la idea de convocar a un acto en homenaje al Papa surgi\u00f3 tras visitarlo en Roma en mayo pasado: \u00abFrancisco est\u00e1 muy bien de salud y muy l\u00facido, pero tiene su edad. Y pens\u00e9: &#8216;jam\u00e1s se le hizo acto de reconocimiento ac\u00e1 en La Plata'\u00bb.<\/p>\n\n\n\n<p class=\"wp-block-paragraph\">\u00abPedimos que venga a Argentina pero jam\u00e1s le hicimos un acto de afecto. El Papa no puede morirse sin antes tener un reconocimiento en vida en su pa\u00eds\u00bb, concluy\u00f3. <\/p>\n","protected":false},"excerpt":{"rendered":"<p>El arzobispo<\/p>\n","protected":false},"author":1,"featured_media":39574,"comment_status":"open","ping_status":"open","sticky":false,"template":"","format":"standard","meta":{"footnotes":""},"categories":[8,5],"tags":[28,27],"class_list":["post-30411","post","type-post","status-publish","format-standard","has-post-thumbnail","hentry","category-para-agendar","category-provincia","tag-gba","tag-provincia"],"_links":{"self":[{"href":"https:\/\/panoramadelsur.com.ar\/index.php?rest_route=\/wp\/v2\/posts\/30411","targetHints":{"allow":["GET"]}}],"collection":[{"href":"https:\/\/panoramadelsur.com.ar\/index.php?rest_route=\/wp\/v2\/posts"}],"about":[{"href":"https:\/\/panoramadelsur.com.ar\/index.php?rest_route=\/wp\/v2\/types\/post"}],"author":[{"embeddable":true,"href":"https:\/\/panoramadelsur.com.ar\/index.php?rest_route=\/wp\/v2\/users\/1"}],"replies":[{"embeddable":true,"href":"https:\/\/panoramadelsur.com.ar\/index.php?rest_route=%2Fwp%2Fv2%2Fcomments&post=30411"}],"version-history":[{"count":1,"href":"https:\/\/panoramadelsur.com.ar\/index.php?rest_route=\/wp\/v2\/posts\/30411\/revisions"}],"predecessor-version":[{"id":30413,"href":"https:\/\/panoramadelsur.com.ar\/index.php?rest_route=\/wp\/v2\/posts\/30411\/revisions\/30413"}],"wp:featuredmedia":[{"embeddable":true,"href":"https:\/\/panoramadelsur.com.ar\/index.php?rest_route=\/wp\/v2\/media\/39574"}],"wp:attachment":[{"href":"https:\/\/panoramadelsur.com.ar\/index.php?rest_route=%2Fwp%2Fv2%2Fmedia&parent=30411"}],"wp:term":[{"taxonomy":"category","embeddable":true,"href":"https:\/\/panoramadelsur.com.ar\/index.php?rest_route=%2Fwp%2Fv2%2Fcategories&post=30411"},{"taxonomy":"post_tag","embeddable":true,"href":"https:\/\/panoramadelsur.com.ar\/index.php?rest_route=%2Fwp%2Fv2%2Ftags&post=30411"}],"curies":[{"name":"wp","href":"https:\/\/api.w.org\/{rel}","templated":true}]}}