{"id":30414,"date":"2022-09-28T11:51:36","date_gmt":"2022-09-28T14:51:36","guid":{"rendered":"https:\/\/panoramadelsur.com.ar\/?p=30414"},"modified":"2022-09-28T11:51:39","modified_gmt":"2022-09-28T14:51:39","slug":"jornada-de-salud-para-adolescentes-en-varela","status":"publish","type":"post","link":"https:\/\/panoramadelsur.com.ar\/?p=30414","title":{"rendered":"JORNADA DE SALUD PARA ADOLESCENTES EN VARELA"},"content":{"rendered":"\n<p class=\"wp-block-paragraph\">La Comuna efectu\u00f3 tanto controles m\u00e9dicos como talleres informativos para adolescentes de 12 a 17 a\u00f1os en el Centro de Atenci\u00f3n Primaria del barrio San Eduardo: chequeo de glucemia, presi\u00f3n arterial, vacunaci\u00f3n y revisaciones m\u00e1s un taller de Educaci\u00f3n Sexual Integral.<\/p>\n\n\n\n<p class=\"wp-block-paragraph\">La jefa del establecimiento -Viviana Ver\u00f3n- manifest\u00f3 entusiasmo por la convocatoria donde destac\u00f3 \u201clos encuentros realizados mensualmente con esta franja etaria por sus intereses diferentes: sumar actividades para prevenir enfermedades de transmisi\u00f3n sexual y embarazos no planificados\u201d.<\/p>\n\n\n\n<p class=\"wp-block-paragraph\">La jornada comenz\u00f3 con un desayuno saludable para luego avanzar con la labor de profesionales en Enfermer\u00eda, Medicina, Trabajo Social m\u00e1s administraci\u00f3n y estudiantes de la Universidad Nacional \u201cArturo Jauretche\u201d.<\/p>\n","protected":false},"excerpt":{"rendered":"<p>La Comuna<\/p>\n","protected":false},"author":1,"featured_media":39574,"comment_status":"open","ping_status":"open","sticky":false,"template":"","format":"standard","meta":{"footnotes":""},"categories":[3],"tags":[],"class_list":["post-30414","post","type-post","status-publish","format-standard","has-post-thumbnail","hentry","category-regionales"],"_links":{"self":[{"href":"https:\/\/panoramadelsur.com.ar\/index.php?rest_route=\/wp\/v2\/posts\/30414","targetHints":{"allow":["GET"]}}],"collection":[{"href":"https:\/\/panoramadelsur.com.ar\/index.php?rest_route=\/wp\/v2\/posts"}],"about":[{"href":"https:\/\/panoramadelsur.com.ar\/index.php?rest_route=\/wp\/v2\/types\/post"}],"author":[{"embeddable":true,"href":"https:\/\/panoramadelsur.com.ar\/index.php?rest_route=\/wp\/v2\/users\/1"}],"replies":[{"embeddable":true,"href":"https:\/\/panoramadelsur.com.ar\/index.php?rest_route=%2Fwp%2Fv2%2Fcomments&post=30414"}],"version-history":[{"count":1,"href":"https:\/\/panoramadelsur.com.ar\/index.php?rest_route=\/wp\/v2\/posts\/30414\/revisions"}],"predecessor-version":[{"id":30416,"href":"https:\/\/panoramadelsur.com.ar\/index.php?rest_route=\/wp\/v2\/posts\/30414\/revisions\/30416"}],"wp:featuredmedia":[{"embeddable":true,"href":"https:\/\/panoramadelsur.com.ar\/index.php?rest_route=\/wp\/v2\/media\/39574"}],"wp:attachment":[{"href":"https:\/\/panoramadelsur.com.ar\/index.php?rest_route=%2Fwp%2Fv2%2Fmedia&parent=30414"}],"wp:term":[{"taxonomy":"category","embeddable":true,"href":"https:\/\/panoramadelsur.com.ar\/index.php?rest_route=%2Fwp%2Fv2%2Fcategories&post=30414"},{"taxonomy":"post_tag","embeddable":true,"href":"https:\/\/panoramadelsur.com.ar\/index.php?rest_route=%2Fwp%2Fv2%2Ftags&post=30414"}],"curies":[{"name":"wp","href":"https:\/\/api.w.org\/{rel}","templated":true}]}}