{"id":30417,"date":"2022-09-28T11:53:05","date_gmt":"2022-09-28T14:53:05","guid":{"rendered":"https:\/\/panoramadelsur.com.ar\/?p=30417"},"modified":"2022-09-28T11:53:07","modified_gmt":"2022-09-28T14:53:07","slug":"inauguraron-obras-en-el-club-social-y-deportivo-general-guemes","status":"publish","type":"post","link":"https:\/\/panoramadelsur.com.ar\/?p=30417","title":{"rendered":"INAUGURARON OBRAS EN EL CLUB SOCIAL Y DEPORTIVO GENERAL G\u00dcEMES"},"content":{"rendered":"\n<p class=\"wp-block-paragraph\">Se inauguraron las obras del Club Social y Deportivo General G\u00fcemes, ubicado en la calle 12 y 110 A. El domingo 25 de septiembre, Juan Jos\u00e9 Mussi recorri\u00f3 los trabajos que incluyeron reformas en el Sal\u00f3n de Usos M\u00faltiples, los ba\u00f1os, el buffet, los vestuarios y la terraza.<\/p>\n\n\n\n<p class=\"wp-block-paragraph\">Acompa\u00f1aron al Intendente, los secretarios municipales de Desarrollo Social y Comunitario, Recreaci\u00f3n, Turismo y Deportes, Mar\u00eda Laura Lacava; y de Organizaciones No Gubernamentales (ONG), Marcelo Benedetti.<\/p>\n\n\n\n<p class=\"wp-block-paragraph\">Durante la recorrida, Mussi expres\u00f3: \u201cEl club qued\u00f3 hermoso. Estamos muy felices de que las y los chicos ahora cuenten con un lugar m\u00e1s digno. Ver a la Presidenta de esta instituci\u00f3n con su entusiasmo nos demuestra que, detr\u00e1s de todo esto, hay un gran esfuerzo. Esto es lo lindo: los clubes, los barrios y ver a tanta gente\u201d. Y agreg\u00f3: \u201cLos ni\u00f1os y ni\u00f1as tienen que jugar, divertirse y hacer deporte. Queremos que los chicos vengan a los clubes\u201d.<\/p>\n\n\n\n<p class=\"wp-block-paragraph\">Por su parte, Benedetti resalt\u00f3 que \u201cel Dr. Mussi nos solicit\u00f3 que realiz\u00e1ramos los trabajos en cada uno de los clubes de Berazategui, porque las instituciones son el nexo entre el gobierno y el pueblo. Gracias a todas estas personas, nuestra ciudad est\u00e1 como est\u00e1: porque trabajan y participan much\u00edsimo. Por eso el Intendente los reconoce tanto\u201d. Adem\u00e1s, destac\u00f3 las obras realizadas con mano de obra a cargo de beneficiarios del Programa Potenciar Trabajo.<\/p>\n\n\n\n<p class=\"wp-block-paragraph\">Asimismo, Patricia Ticera, tesorera y coordinadora del Club G\u00fcemes, remarc\u00f3: \u201cMe siento muy feliz por todo este logro. Es algo que so\u00f1aban todos los nenes, las mam\u00e1s, los pap\u00e1s y los vecinos del barrio\u201d. Y a\u00f1adi\u00f3: \u201cAproximadamente 170 chicos y chicas pasan por estas instalaciones: 11 categor\u00edas de varones y 6 de mujeres\u201d.<\/p>\n","protected":false},"excerpt":{"rendered":"<p>Se inauguraron<\/p>\n","protected":false},"author":1,"featured_media":39574,"comment_status":"open","ping_status":"open","sticky":false,"template":"","format":"standard","meta":{"footnotes":""},"categories":[3],"tags":[40],"class_list":["post-30417","post","type-post","status-publish","format-standard","has-post-thumbnail","hentry","category-regionales","tag-berazategui"],"_links":{"self":[{"href":"https:\/\/panoramadelsur.com.ar\/index.php?rest_route=\/wp\/v2\/posts\/30417","targetHints":{"allow":["GET"]}}],"collection":[{"href":"https:\/\/panoramadelsur.com.ar\/index.php?rest_route=\/wp\/v2\/posts"}],"about":[{"href":"https:\/\/panoramadelsur.com.ar\/index.php?rest_route=\/wp\/v2\/types\/post"}],"author":[{"embeddable":true,"href":"https:\/\/panoramadelsur.com.ar\/index.php?rest_route=\/wp\/v2\/users\/1"}],"replies":[{"embeddable":true,"href":"https:\/\/panoramadelsur.com.ar\/index.php?rest_route=%2Fwp%2Fv2%2Fcomments&post=30417"}],"version-history":[{"count":1,"href":"https:\/\/panoramadelsur.com.ar\/index.php?rest_route=\/wp\/v2\/posts\/30417\/revisions"}],"predecessor-version":[{"id":30419,"href":"https:\/\/panoramadelsur.com.ar\/index.php?rest_route=\/wp\/v2\/posts\/30417\/revisions\/30419"}],"wp:featuredmedia":[{"embeddable":true,"href":"https:\/\/panoramadelsur.com.ar\/index.php?rest_route=\/wp\/v2\/media\/39574"}],"wp:attachment":[{"href":"https:\/\/panoramadelsur.com.ar\/index.php?rest_route=%2Fwp%2Fv2%2Fmedia&parent=30417"}],"wp:term":[{"taxonomy":"category","embeddable":true,"href":"https:\/\/panoramadelsur.com.ar\/index.php?rest_route=%2Fwp%2Fv2%2Fcategories&post=30417"},{"taxonomy":"post_tag","embeddable":true,"href":"https:\/\/panoramadelsur.com.ar\/index.php?rest_route=%2Fwp%2Fv2%2Ftags&post=30417"}],"curies":[{"name":"wp","href":"https:\/\/api.w.org\/{rel}","templated":true}]}}