{"id":30426,"date":"2022-09-28T12:15:59","date_gmt":"2022-09-28T15:15:59","guid":{"rendered":"https:\/\/panoramadelsur.com.ar\/?p=30426"},"modified":"2022-09-28T12:16:40","modified_gmt":"2022-09-28T15:16:40","slug":"mussi-participo-de-un-encuentro-de-concientizacion-sobre-autismo","status":"publish","type":"post","link":"https:\/\/panoramadelsur.com.ar\/?p=30426","title":{"rendered":"MUSSI PARTICIP\u00d3 DE UN ENCUENTRO DE CONCIENTIZACI\u00d3N SOBRE AUTISMO"},"content":{"rendered":"\n<p class=\"wp-block-paragraph\"><strong>En el marco del D\u00eda Provincial del Autismo que se conmemora cada 7 de septiembre,&nbsp;la agrupaci\u00f3n&nbsp; TGD Padres TEA Berazategui Red Federal, junto con la Municipalidad de Berazategui, organiz\u00f3 un encuentro de concientizaci\u00f3n en el Complejo Municipal Los Privilegiados (calle 156 y 50). El intendente Juan Jos\u00e9 Mussi particip\u00f3 de la jornada, acompa\u00f1ado por la secretaria de Desarrollo Social y Comunitario, Recreaci\u00f3n, Turismo y Deportes, Mar\u00eda Laura Lacava.&nbsp;<\/strong><\/p>\n\n\n\n<p class=\"wp-block-paragraph\">Al respecto, Mussi expres\u00f3: \u201cLos que somos padres sabemos cu\u00e1nto amor le damos a nuestros hijos. Estamos muy felices de haber encontrado a un grupo de mam\u00e1s y pap\u00e1s que llevan adelante esta iniciativa. Les agradezco, porque nos hacen creer que no todo est\u00e1 perdido. Cuenten con nosotros para que sigamos haciendo cosas para mejorar esta situaci\u00f3n. Gobernar es interpretar los problemas que tienen nuestros vecinos y ayudarlos a resolverlos\u201d.<\/p>\n\n\n\n<p class=\"wp-block-paragraph\">En tanto, Gisela Carrera -referente de TGD Padres TEA Berazategui Red Federal- resalt\u00f3: \u201cFue una jornada muy emotiva, ya que muchas de las familias que formamos parte pudimos encontrarnos por primera vez. Hoy en d\u00eda, somos m\u00e1s de 330 familias de la ciudad\u201d. Y agreg\u00f3: \u201cTambi\u00e9n nos acompa\u00f1\u00f3 el intendente Mussi, lo cual es muy importante para que podamos seguir visibilizando y concientizando juntos\u201d.<\/p>\n\n\n\n<p class=\"wp-block-paragraph\">Durante la jornada, se realizaron actividades l\u00fadicas cooperativas, con desplazamientos diversos, con m\u00fasica, individuales y grupales en espacios fijos (plaza blanda, ludoteca, sector de multilanzamientos); de circuito motriz (recorridos con m\u00faltiples obst\u00e1culos); deportivos (deportes alternativos, atletismo: carreras, lanzamientos y saltos); de invitaci\u00f3n libre (juego de los sentidos en el bosque); y convocante (actividad masiva dirigida por micr\u00f3fono con telas y pelotas de esferodinamia).<\/p>\n","protected":false},"excerpt":{"rendered":"<p>En el<\/p>\n","protected":false},"author":1,"featured_media":39574,"comment_status":"open","ping_status":"open","sticky":false,"template":"","format":"standard","meta":{"footnotes":""},"categories":[3],"tags":[40],"class_list":["post-30426","post","type-post","status-publish","format-standard","has-post-thumbnail","hentry","category-regionales","tag-berazategui"],"_links":{"self":[{"href":"https:\/\/panoramadelsur.com.ar\/index.php?rest_route=\/wp\/v2\/posts\/30426","targetHints":{"allow":["GET"]}}],"collection":[{"href":"https:\/\/panoramadelsur.com.ar\/index.php?rest_route=\/wp\/v2\/posts"}],"about":[{"href":"https:\/\/panoramadelsur.com.ar\/index.php?rest_route=\/wp\/v2\/types\/post"}],"author":[{"embeddable":true,"href":"https:\/\/panoramadelsur.com.ar\/index.php?rest_route=\/wp\/v2\/users\/1"}],"replies":[{"embeddable":true,"href":"https:\/\/panoramadelsur.com.ar\/index.php?rest_route=%2Fwp%2Fv2%2Fcomments&post=30426"}],"version-history":[{"count":1,"href":"https:\/\/panoramadelsur.com.ar\/index.php?rest_route=\/wp\/v2\/posts\/30426\/revisions"}],"predecessor-version":[{"id":30428,"href":"https:\/\/panoramadelsur.com.ar\/index.php?rest_route=\/wp\/v2\/posts\/30426\/revisions\/30428"}],"wp:featuredmedia":[{"embeddable":true,"href":"https:\/\/panoramadelsur.com.ar\/index.php?rest_route=\/wp\/v2\/media\/39574"}],"wp:attachment":[{"href":"https:\/\/panoramadelsur.com.ar\/index.php?rest_route=%2Fwp%2Fv2%2Fmedia&parent=30426"}],"wp:term":[{"taxonomy":"category","embeddable":true,"href":"https:\/\/panoramadelsur.com.ar\/index.php?rest_route=%2Fwp%2Fv2%2Fcategories&post=30426"},{"taxonomy":"post_tag","embeddable":true,"href":"https:\/\/panoramadelsur.com.ar\/index.php?rest_route=%2Fwp%2Fv2%2Ftags&post=30426"}],"curies":[{"name":"wp","href":"https:\/\/api.w.org\/{rel}","templated":true}]}}