{"id":30440,"date":"2022-09-28T20:13:00","date_gmt":"2022-09-28T23:13:00","guid":{"rendered":"https:\/\/panoramadelsur.com.ar\/?p=30440"},"modified":"2022-09-28T20:18:01","modified_gmt":"2022-09-28T23:18:01","slug":"cristina-kirchner-propone-intervencion-mas-precisa-y-efectiva-contra-inflacion-y-pobreza","status":"publish","type":"post","link":"https:\/\/panoramadelsur.com.ar\/?p=30440","title":{"rendered":"CRISTINA KIRCHNER PROPONE \u00abINTERVENCI\u00d3N M\u00c1S PRECISA Y EFECTIVA\u00bb CONTRA INFLACI\u00d3N Y POBREZA"},"content":{"rendered":"\n<p class=\"wp-block-paragraph\">La vicepresidenta Cristina Fern\u00e1ndez de Kirchner asegur\u00f3 que el aumento de la indigencia \u00abevidencia el impacto del fuerte aumento en los precios de los alimentos\u00bb y advirti\u00f3 que \u00ablas empresas alimentarias han aumentado muy fuerte sus m\u00e1rgenes de rentabilidad\u00bb, por lo que se pronunci\u00f3 en favor de \u00abuna pol\u00edtica de intervenci\u00f3n m\u00e1s precisa y efectiva en el sector\u00bb econ\u00f3mico para combatir la inflaci\u00f3n y sus derivaciones.<\/p>\n\n\n\n<p class=\"wp-block-paragraph\">\u00abEl Indec publica hoy datos sobre el descenso de la pobreza del 37,3% al 36,5% en el primer semestre del 2022. Sin embargo, en el mismo per\u00edodo la indigencia aument\u00f3 del 8,2% al 8,8%, esto evidencia el impacto del fuerte aumento en los precios de los alimentos\u00bb, alert\u00f3 a trav\u00e9s de un hilo de Twitter.<\/p>\n\n\n\n<p class=\"wp-block-paragraph\">En ese marco, se\u00f1al\u00f3 que \u00abest\u00e1 mas que claro\u00bb que la Argentina se encuentra \u00abante un fen\u00f3meno de inflaci\u00f3n por oferta y no por demanda\u00bb.<\/p>\n\n\n\n<p class=\"wp-block-paragraph\">\u00abLas empresas alimentarias han aumentado muy fuerte sus m\u00e1rgenes de rentabilidad\u00bb, remarc\u00f3.<\/p>\n\n\n\n<p class=\"wp-block-paragraph\">Ante ese escenario, consider\u00f3 que \u00abel ministerio de Econom\u00eda ha trabajado duro en todas las \u00e1reas de su competencia, pero es necesaria una pol\u00edtica de intervenci\u00f3n m\u00e1s precisa y efectiva en el sector\u00bb.<\/p>\n\n\n\n<p class=\"wp-block-paragraph\">Por \u00faltimo,&nbsp;la Vicepresidenta propuso \u00abdise\u00f1ar un instrumento que refuerce la seguridad alimentaria en materia de indigencia\u00bb.<\/p>\n","protected":false},"excerpt":{"rendered":"<p>La vicepresidenta<\/p>\n","protected":false},"author":1,"featured_media":39574,"comment_status":"open","ping_status":"open","sticky":false,"template":"","format":"standard","meta":{"footnotes":""},"categories":[4],"tags":[],"class_list":["post-30440","post","type-post","status-publish","format-standard","has-post-thumbnail","hentry","category-nacionales"],"_links":{"self":[{"href":"https:\/\/panoramadelsur.com.ar\/index.php?rest_route=\/wp\/v2\/posts\/30440","targetHints":{"allow":["GET"]}}],"collection":[{"href":"https:\/\/panoramadelsur.com.ar\/index.php?rest_route=\/wp\/v2\/posts"}],"about":[{"href":"https:\/\/panoramadelsur.com.ar\/index.php?rest_route=\/wp\/v2\/types\/post"}],"author":[{"embeddable":true,"href":"https:\/\/panoramadelsur.com.ar\/index.php?rest_route=\/wp\/v2\/users\/1"}],"replies":[{"embeddable":true,"href":"https:\/\/panoramadelsur.com.ar\/index.php?rest_route=%2Fwp%2Fv2%2Fcomments&post=30440"}],"version-history":[{"count":1,"href":"https:\/\/panoramadelsur.com.ar\/index.php?rest_route=\/wp\/v2\/posts\/30440\/revisions"}],"predecessor-version":[{"id":30442,"href":"https:\/\/panoramadelsur.com.ar\/index.php?rest_route=\/wp\/v2\/posts\/30440\/revisions\/30442"}],"wp:featuredmedia":[{"embeddable":true,"href":"https:\/\/panoramadelsur.com.ar\/index.php?rest_route=\/wp\/v2\/media\/39574"}],"wp:attachment":[{"href":"https:\/\/panoramadelsur.com.ar\/index.php?rest_route=%2Fwp%2Fv2%2Fmedia&parent=30440"}],"wp:term":[{"taxonomy":"category","embeddable":true,"href":"https:\/\/panoramadelsur.com.ar\/index.php?rest_route=%2Fwp%2Fv2%2Fcategories&post=30440"},{"taxonomy":"post_tag","embeddable":true,"href":"https:\/\/panoramadelsur.com.ar\/index.php?rest_route=%2Fwp%2Fv2%2Ftags&post=30440"}],"curies":[{"name":"wp","href":"https:\/\/api.w.org\/{rel}","templated":true}]}}