{"id":30450,"date":"2022-09-29T01:07:00","date_gmt":"2022-09-29T04:07:00","guid":{"rendered":"https:\/\/panoramadelsur.com.ar\/?p=30450"},"modified":"2022-09-28T21:53:40","modified_gmt":"2022-09-29T00:53:40","slug":"avanza-la-ley-de-pirotecnia-cero-en-la-provincia-de-buenos-aires","status":"publish","type":"post","link":"https:\/\/panoramadelsur.com.ar\/?p=30450","title":{"rendered":"AVANZA LA LEY DE PIROTECNIA CERO EN LA PROVINCIA DE BUENOS AIRES"},"content":{"rendered":"\n<p>La C\u00e1mara de Senadores de la provincia de Buenos Aires aprob\u00f3 un proyecto que proh\u00edbe el uso de \u00abart\u00edculos de pirot\u00e9cnica de alto impacto sonoro\u00bb en todo el territorio bonaerense para proteger la salud de la poblaci\u00f3n, inform\u00f3 una fuente legislativa.<\/p>\n\n\n\n<p>La iniciativa fue aprobada ayer por la tarde por unanimidad y girada a la C\u00e1mara baja para su sanci\u00f3n.<\/p>\n\n\n\n<p>El proyecto de \u00abpirot\u00e9cnica cero\u00bb excluye de la prohibici\u00f3n a los \u00abartificios de uso pr\u00e1ctico\u00bb que se emplean en ferrocarriles, en transportes terrestres y a\u00e9reos, en sectores agropecuarios o industriales, en la navegaci\u00f3n mar\u00edtima y fluvial, y en las fuerzas de seguridad, y tambi\u00e9n los que se manipulan en casos de localizaci\u00f3n de personas, sistemas de seguridad, detecci\u00f3n de incendios y emergencias, entre otros.<\/p>\n\n\n\n<p>En el art\u00edculo 3 se proh\u00edbe la \u00abcomercializaci\u00f3n, la venta al p\u00fablico mayorista o minorista, la venta ambulante en la v\u00eda p\u00fablica y el uso particular de artificios pirot\u00e9cnicos y de coheter\u00eda de uso recreativo de alto impacto sonoro, cualquiera fuera su caracter\u00edstica y naturaleza, como as\u00ed tambi\u00e9n los denominados globos aerost\u00e1ticos de pirotecnia\u00bb.<\/p>\n\n\n\n<p>Adem\u00e1s, tambi\u00e9n introduce una regulaci\u00f3n para los actos oficiales al prohibir \u00abla adquisici\u00f3n y uso por parte del sector p\u00fablico provincial, de todo artificio pirot\u00e9cnico o de coheter\u00eda, sea de bajo o alto impacto sonoro, en los eventos y\/o espect\u00e1culos que organice\u00bb.<\/p>\n\n\n\n<p>El proyecto aprobado en la c\u00e1mara alta provincial establece \u00abmultas de entre cinco y cincuenta haberes mensuales de Agentes de Seguridad (Agrupamiento Comando) de la Polic\u00eda de la provincia de Buenos Aires\u00bb para las personas f\u00edsicas y clausuras de entre cinco a diez d\u00edas a los comerciantes que vendan \u00aben forma mayorista o minorista\u00bb artificios o coheter\u00eda.<\/p>\n\n\n\n<p>Durante el debate en la comisi\u00f3n de Legislaci\u00f3n General del Senado bonaerense se oy\u00f3 a Ian Galo Lescano, un ni\u00f1o que tiene el s\u00edndrome del espectro autista, un influencer de 9 a\u00f1os que expres\u00f3 que \u00abest\u00e1 ley est\u00e1 buen\u00edsima porque la pirotecnia puede ser muy da\u00f1ina para nosotros. Tambi\u00e9n queremos la ley a nivel nacional pero hay que ir pasito a pasito\u00bb. <\/p>\n","protected":false},"excerpt":{"rendered":"<p>La C\u00e1mara<\/p>\n","protected":false},"author":1,"featured_media":39574,"comment_status":"open","ping_status":"open","sticky":false,"template":"","format":"standard","meta":{"footnotes":""},"categories":[5],"tags":[],"class_list":["post-30450","post","type-post","status-publish","format-standard","has-post-thumbnail","hentry","category-provincia"],"_links":{"self":[{"href":"https:\/\/panoramadelsur.com.ar\/index.php?rest_route=\/wp\/v2\/posts\/30450","targetHints":{"allow":["GET"]}}],"collection":[{"href":"https:\/\/panoramadelsur.com.ar\/index.php?rest_route=\/wp\/v2\/posts"}],"about":[{"href":"https:\/\/panoramadelsur.com.ar\/index.php?rest_route=\/wp\/v2\/types\/post"}],"author":[{"embeddable":true,"href":"https:\/\/panoramadelsur.com.ar\/index.php?rest_route=\/wp\/v2\/users\/1"}],"replies":[{"embeddable":true,"href":"https:\/\/panoramadelsur.com.ar\/index.php?rest_route=%2Fwp%2Fv2%2Fcomments&post=30450"}],"version-history":[{"count":1,"href":"https:\/\/panoramadelsur.com.ar\/index.php?rest_route=\/wp\/v2\/posts\/30450\/revisions"}],"predecessor-version":[{"id":30452,"href":"https:\/\/panoramadelsur.com.ar\/index.php?rest_route=\/wp\/v2\/posts\/30450\/revisions\/30452"}],"wp:featuredmedia":[{"embeddable":true,"href":"https:\/\/panoramadelsur.com.ar\/index.php?rest_route=\/wp\/v2\/media\/39574"}],"wp:attachment":[{"href":"https:\/\/panoramadelsur.com.ar\/index.php?rest_route=%2Fwp%2Fv2%2Fmedia&parent=30450"}],"wp:term":[{"taxonomy":"category","embeddable":true,"href":"https:\/\/panoramadelsur.com.ar\/index.php?rest_route=%2Fwp%2Fv2%2Fcategories&post=30450"},{"taxonomy":"post_tag","embeddable":true,"href":"https:\/\/panoramadelsur.com.ar\/index.php?rest_route=%2Fwp%2Fv2%2Ftags&post=30450"}],"curies":[{"name":"wp","href":"https:\/\/api.w.org\/{rel}","templated":true}]}}