{"id":30453,"date":"2022-09-29T01:05:00","date_gmt":"2022-09-29T04:05:00","guid":{"rendered":"https:\/\/panoramadelsur.com.ar\/?p=30453"},"modified":"2022-09-29T02:15:23","modified_gmt":"2022-09-29T05:15:23","slug":"la-cicop-celebro-acuerdo-con-el-gobierno-bonaerense-para-sancionar-reglamento-de-residencias","status":"publish","type":"post","link":"https:\/\/panoramadelsur.com.ar\/?p=30453","title":{"rendered":"LA CICOP CELEBR\u00d3 ACUERDO CON EL GOBIERNO BONAERENSE PARA SANCIONAR REGLAMENTO DE RESIDENCIAS"},"content":{"rendered":"\n<p class=\"wp-block-paragraph\">La Asociaci\u00f3n Sindical de Profesionales de la Salud (Cicop) bonaerense celebr\u00f3 \u00ablos pasos concretos y los grandes avances\u00bb realizados por el Gobierno provincial para mejorar el sistema de residencia en la actividad a trav\u00e9s de la sanci\u00f3n de un nuevo reglamento, luego de un encuentro mantenido entre los gremialistas y el Ministerio de Salud.<\/p>\n\n\n\n<p class=\"wp-block-paragraph\">En un documento, el sindicato que conduce el m\u00e9dico Pablo Maciel destac\u00f3 la pr\u00f3xima incorporaci\u00f3n de los aportes previsionales para los ingresantes a la carrera este a\u00f1o; solicit\u00f3 la inmediata aprobaci\u00f3n del decreto y realz\u00f3 el trabajo de las Mesas T\u00e9cnicas.<\/p>\n\n\n\n<p class=\"wp-block-paragraph\">\u00abEl decreto regir\u00e1 en breve e incluir\u00e1 a las nuevas cohortes\u00bb, seg\u00fan se\u00f1alaron las autoridades de la cartera de Salud a los representantes sindicales, indic\u00f3 el comunicado.<\/p>\n\n\n\n<p class=\"wp-block-paragraph\">Los integrantes del consejo directivo de la Cicop y de la Secretar\u00eda de Juventudes y Residencias del gremio se reunieron con el ministro del \u00e1rea, Nicol\u00e1s Kreplak: el Jefe de Gabinete, Salvador Giorgi, y la subsecretaria de Gesti\u00f3n de la Informaci\u00f3n, Leticia Ceriani.<\/p>\n\n\n\n<p class=\"wp-block-paragraph\">\u00abSe incorporar\u00e1n los aportes previsionales para los residentes ingresantes en 2022 y tambi\u00e9n los realizados al Instituto de Previsi\u00f3n Social (IPS) ser\u00e1 compensado por el Estado provincial para evitar la p\u00e9rdida salarial\u00bb, sostuvo la Cicop, que caratul\u00f3 el anuncio del Gobierno bonaerense como \u00abun logro hist\u00f3rico para el sistema de residencias\u00bb.<\/p>\n\n\n\n<p class=\"wp-block-paragraph\">El nuevo reglamento incluir\u00e1 la reducci\u00f3n de la carga horaria a partir de reg\u00edmenes de guardias de 12 horas, la ampliaci\u00f3n de la licencia anual complementaria (por estr\u00e9s) de 7 a 12 d\u00edas, la posibilidad de la licencia por enfermedad sin riesgo de limitar la beca, un d\u00eda laboral para el \u00faltimo a\u00f1o de residencia y horarios protegidos para la investigaci\u00f3n y los bloques de formaci\u00f3n, inform\u00f3 el sindicato, que sostuvo que son \u00abavances importantes\u00bb.<\/p>\n\n\n\n<p class=\"wp-block-paragraph\">Maciel y Juan Mirada, secretario de Juventudes y Residencias del gremio, sostuvieron por \u00faltimo que existe la posibilidad de concretar en breve reivindicaciones hist\u00f3ricas por las que lucharon varias generaciones para jerarquizar \u00abel mejor sistema de formaci\u00f3n profesional y ampliar derechos de un sector que sostiene el funcionamiento de la salud\u00bb.<\/p>\n","protected":false},"excerpt":{"rendered":"<p>La Asociaci\u00f3n<\/p>\n","protected":false},"author":1,"featured_media":39574,"comment_status":"open","ping_status":"open","sticky":false,"template":"","format":"standard","meta":{"footnotes":""},"categories":[5],"tags":[],"class_list":["post-30453","post","type-post","status-publish","format-standard","has-post-thumbnail","hentry","category-provincia"],"_links":{"self":[{"href":"https:\/\/panoramadelsur.com.ar\/index.php?rest_route=\/wp\/v2\/posts\/30453","targetHints":{"allow":["GET"]}}],"collection":[{"href":"https:\/\/panoramadelsur.com.ar\/index.php?rest_route=\/wp\/v2\/posts"}],"about":[{"href":"https:\/\/panoramadelsur.com.ar\/index.php?rest_route=\/wp\/v2\/types\/post"}],"author":[{"embeddable":true,"href":"https:\/\/panoramadelsur.com.ar\/index.php?rest_route=\/wp\/v2\/users\/1"}],"replies":[{"embeddable":true,"href":"https:\/\/panoramadelsur.com.ar\/index.php?rest_route=%2Fwp%2Fv2%2Fcomments&post=30453"}],"version-history":[{"count":1,"href":"https:\/\/panoramadelsur.com.ar\/index.php?rest_route=\/wp\/v2\/posts\/30453\/revisions"}],"predecessor-version":[{"id":30455,"href":"https:\/\/panoramadelsur.com.ar\/index.php?rest_route=\/wp\/v2\/posts\/30453\/revisions\/30455"}],"wp:featuredmedia":[{"embeddable":true,"href":"https:\/\/panoramadelsur.com.ar\/index.php?rest_route=\/wp\/v2\/media\/39574"}],"wp:attachment":[{"href":"https:\/\/panoramadelsur.com.ar\/index.php?rest_route=%2Fwp%2Fv2%2Fmedia&parent=30453"}],"wp:term":[{"taxonomy":"category","embeddable":true,"href":"https:\/\/panoramadelsur.com.ar\/index.php?rest_route=%2Fwp%2Fv2%2Fcategories&post=30453"},{"taxonomy":"post_tag","embeddable":true,"href":"https:\/\/panoramadelsur.com.ar\/index.php?rest_route=%2Fwp%2Fv2%2Ftags&post=30453"}],"curies":[{"name":"wp","href":"https:\/\/api.w.org\/{rel}","templated":true}]}}