{"id":30459,"date":"2022-09-29T01:06:00","date_gmt":"2022-09-29T04:06:00","guid":{"rendered":"https:\/\/panoramadelsur.com.ar\/?p=30459"},"modified":"2022-09-28T22:48:17","modified_gmt":"2022-09-29T01:48:17","slug":"el-senado-bonaerense-aprobo-modificaciones-para-garantizar-la-deteccion-precoz-de-la-celiaquia","status":"publish","type":"post","link":"https:\/\/panoramadelsur.com.ar\/?p=30459","title":{"rendered":"EL SENADO BONAERENSE APROB\u00d3 MODIFICACIONES PARA GARANTIZAR LA DETECCI\u00d3N PRECOZ DE LA CELIAQU\u00cdA"},"content":{"rendered":"\n<p>El Senado de la provincia de Buenos Aires aprob\u00f3 un proyecto que efect\u00faa modificaciones sobre la Ley 10.499 que promueve la prevenci\u00f3n, tratamiento e investigaci\u00f3n de la celiaqu\u00eda.<\/p>\n\n\n\n<p>Durante la sesi\u00f3n, el autor del proyecto, el senador Agust\u00edn M\u00e1spoli, detall\u00f3 que con las modificaciones que finalmente ayer avanzaron \u00abel Estado y las obras sociales deber\u00e1n garantizar la biopsia de intestino como m\u00e9todo para su detecci\u00f3n, ya que es una prueba fundamental para llegar al diagn\u00f3stico\u00bb.<\/p>\n\n\n\n<p>Adem\u00e1s, indic\u00f3 que se propone que \u201clos establecimientos gastron\u00f3micos tengan al menos dos opciones de alimentos libres de gluten\u00bb.<\/p>\n\n\n\n<p>\u201cEs importante ampliar los alcances de la normativa vigente para garantizar una mejor calidad de vida a aquellas personas que padecen celiaqu\u00eda\u201d, expres\u00f3 M\u00e1spoli y se\u00f1al\u00f3 que el objetivo de la iniciativa es \u201cincorporar a la Ley vigente la detecci\u00f3n precoz y el diagn\u00f3stico temprano de la enfermedad; como as\u00ed tambi\u00e9n, ampliar las obligaciones del Ministerio de Salud para garantizar la realizaci\u00f3n de estudios de biopsia de intestino\u201d.<\/p>\n\n\n\n<p>El senador indic\u00f3 que \u00abseg\u00fan estudios, el 1% de la poblaci\u00f3n tiene celiaqu\u00eda, pero lo importante es que el 75% de quienes la padecen est\u00e1n sin diagn\u00f3stico\u00bb y por eso destac\u00f3 su tratamiento durante la jornada. <\/p>\n","protected":false},"excerpt":{"rendered":"<p>El Senado<\/p>\n","protected":false},"author":1,"featured_media":39574,"comment_status":"open","ping_status":"open","sticky":false,"template":"","format":"standard","meta":{"footnotes":""},"categories":[5],"tags":[28,27],"class_list":["post-30459","post","type-post","status-publish","format-standard","has-post-thumbnail","hentry","category-provincia","tag-gba","tag-provincia"],"_links":{"self":[{"href":"https:\/\/panoramadelsur.com.ar\/index.php?rest_route=\/wp\/v2\/posts\/30459","targetHints":{"allow":["GET"]}}],"collection":[{"href":"https:\/\/panoramadelsur.com.ar\/index.php?rest_route=\/wp\/v2\/posts"}],"about":[{"href":"https:\/\/panoramadelsur.com.ar\/index.php?rest_route=\/wp\/v2\/types\/post"}],"author":[{"embeddable":true,"href":"https:\/\/panoramadelsur.com.ar\/index.php?rest_route=\/wp\/v2\/users\/1"}],"replies":[{"embeddable":true,"href":"https:\/\/panoramadelsur.com.ar\/index.php?rest_route=%2Fwp%2Fv2%2Fcomments&post=30459"}],"version-history":[{"count":1,"href":"https:\/\/panoramadelsur.com.ar\/index.php?rest_route=\/wp\/v2\/posts\/30459\/revisions"}],"predecessor-version":[{"id":30461,"href":"https:\/\/panoramadelsur.com.ar\/index.php?rest_route=\/wp\/v2\/posts\/30459\/revisions\/30461"}],"wp:featuredmedia":[{"embeddable":true,"href":"https:\/\/panoramadelsur.com.ar\/index.php?rest_route=\/wp\/v2\/media\/39574"}],"wp:attachment":[{"href":"https:\/\/panoramadelsur.com.ar\/index.php?rest_route=%2Fwp%2Fv2%2Fmedia&parent=30459"}],"wp:term":[{"taxonomy":"category","embeddable":true,"href":"https:\/\/panoramadelsur.com.ar\/index.php?rest_route=%2Fwp%2Fv2%2Fcategories&post=30459"},{"taxonomy":"post_tag","embeddable":true,"href":"https:\/\/panoramadelsur.com.ar\/index.php?rest_route=%2Fwp%2Fv2%2Ftags&post=30459"}],"curies":[{"name":"wp","href":"https:\/\/api.w.org\/{rel}","templated":true}]}}