{"id":30462,"date":"2022-09-29T01:05:00","date_gmt":"2022-09-29T04:05:00","guid":{"rendered":"https:\/\/panoramadelsur.com.ar\/?p=30462"},"modified":"2022-09-29T02:03:49","modified_gmt":"2022-09-29T05:03:49","slug":"banfield-sufre-la-baja-del-zaguero-dylan-gissi-por-rotura-de-ligamentos","status":"publish","type":"post","link":"https:\/\/panoramadelsur.com.ar\/?p=30462","title":{"rendered":"BANFIELD SUFRE LA BAJA DEL ZAGUERO DYLAN GISSI POR ROTURA DE LIGAMENTOS"},"content":{"rendered":"\n<p class=\"wp-block-paragraph\">Banfield sufre la baja del zaguero suizo Dylan Gissi a causa de la rotura del ligamento cruzado anterior de la rodilla izquierda, originada en una esforzada acci\u00f3n en el partido jugado este martes ante Godoy Cruz, por los cuartos de final de la Copa Argentina, con el que igual\u00f3 1-1 y lo elimin\u00f3 en la definici\u00f3n por tiros penales 3-1.<\/p>\n\n\n\n<p class=\"wp-block-paragraph\">Esa alegr\u00eda banfile\u00f1a por pasar a la serie de semifinales se desvaneci\u00f3 ayer al conocerse el resultado de los estudios realizados por la lesi\u00f3n que sufri\u00f3 Gissi a los 34 minutos del segundo tiempo.<\/p>\n\n\n\n<p class=\"wp-block-paragraph\">A \u00faltima hora de la tarde de ayer, Banfield dio a conocer el parte m\u00e9dico a trav\u00e9s de sus redes oficiales de comunicaci\u00f3n, en el que anunci\u00f3: \u00abDylan Gissi sufri\u00f3 la rotura del ligamento cruzado anterior de su rodilla izquierda. Ser\u00e1 intervenido en los pr\u00f3ximos d\u00edas. \u00a1Fuerza Dylan!\u00bb.<\/p>\n\n\n\n<p class=\"wp-block-paragraph\">Con esta baja, el &#8216;Taladro&#8217; sum\u00f3 el sexto jugador que padece rotura de ligamento en un a\u00f1o, desde agosto de 2021, con el primer afectado que fue el volante Alejandro Cabrera. A quien le sigui\u00f3 el delantero colombiano Mauricio Cuero, que hace un par de semanas regres\u00f3 a jugar en el primer equipo.<\/p>\n\n\n\n<p class=\"wp-block-paragraph\">Los dos posteriores a ellos fueron el zaguero Alexis Maldonado y el delantero Marcos Echeverr\u00eda, goleador de la reserva, quienes est\u00e1n transitando las \u00faltimas semanas de su recuperaci\u00f3n. Y el quinto result\u00f3 el volante derecho Mat\u00edas Gonz\u00e1lez, que fue operado el \u00faltimo viernes despu\u00e9s de lesionarse en el cl\u00e1sico con Lan\u00fas, el pasado domingo 18. <\/p>\n","protected":false},"excerpt":{"rendered":"<p>Banfield sufre<\/p>\n","protected":false},"author":1,"featured_media":39574,"comment_status":"open","ping_status":"open","sticky":false,"template":"","format":"standard","meta":{"footnotes":""},"categories":[6],"tags":[],"class_list":["post-30462","post","type-post","status-publish","format-standard","has-post-thumbnail","hentry","category-deportes"],"_links":{"self":[{"href":"https:\/\/panoramadelsur.com.ar\/index.php?rest_route=\/wp\/v2\/posts\/30462","targetHints":{"allow":["GET"]}}],"collection":[{"href":"https:\/\/panoramadelsur.com.ar\/index.php?rest_route=\/wp\/v2\/posts"}],"about":[{"href":"https:\/\/panoramadelsur.com.ar\/index.php?rest_route=\/wp\/v2\/types\/post"}],"author":[{"embeddable":true,"href":"https:\/\/panoramadelsur.com.ar\/index.php?rest_route=\/wp\/v2\/users\/1"}],"replies":[{"embeddable":true,"href":"https:\/\/panoramadelsur.com.ar\/index.php?rest_route=%2Fwp%2Fv2%2Fcomments&post=30462"}],"version-history":[{"count":1,"href":"https:\/\/panoramadelsur.com.ar\/index.php?rest_route=\/wp\/v2\/posts\/30462\/revisions"}],"predecessor-version":[{"id":30464,"href":"https:\/\/panoramadelsur.com.ar\/index.php?rest_route=\/wp\/v2\/posts\/30462\/revisions\/30464"}],"wp:featuredmedia":[{"embeddable":true,"href":"https:\/\/panoramadelsur.com.ar\/index.php?rest_route=\/wp\/v2\/media\/39574"}],"wp:attachment":[{"href":"https:\/\/panoramadelsur.com.ar\/index.php?rest_route=%2Fwp%2Fv2%2Fmedia&parent=30462"}],"wp:term":[{"taxonomy":"category","embeddable":true,"href":"https:\/\/panoramadelsur.com.ar\/index.php?rest_route=%2Fwp%2Fv2%2Fcategories&post=30462"},{"taxonomy":"post_tag","embeddable":true,"href":"https:\/\/panoramadelsur.com.ar\/index.php?rest_route=%2Fwp%2Fv2%2Ftags&post=30462"}],"curies":[{"name":"wp","href":"https:\/\/api.w.org\/{rel}","templated":true}]}}