{"id":30478,"date":"2022-09-29T01:01:00","date_gmt":"2022-09-29T04:01:00","guid":{"rendered":"https:\/\/panoramadelsur.com.ar\/?p=30478"},"modified":"2022-09-29T01:03:31","modified_gmt":"2022-09-29T04:03:31","slug":"el-partido-estuvo-suspendido-17-minutos-por-incidentes","status":"publish","type":"post","link":"https:\/\/panoramadelsur.com.ar\/?p=30478","title":{"rendered":"EL PARTIDO ESTUVO SUSPENDIDO 17 MINUTOS POR INCIDENTES"},"content":{"rendered":"\n<p class=\"wp-block-paragraph\">El encuentro entre Boca y Quilmes estuvo suspendido durante 17 minutos cuando despu\u00e9s del segundo gol de los \u00abcerveceros\u00bb convertido por Mariano Pavone a los 19 minutos del segundo tiempo los hinchas de este equipo les arrojaron proyectiles a los simpatizantes \u00abxeneizes\u00bb que estaban ubicados en uno de los sectores de la platea.<\/p>\n\n\n\n<p class=\"wp-block-paragraph\">Debido a este hecho el \u00e1rbitro Ariel Penel llam\u00f3 a ambos capitanes, Guillermo Fern\u00e1ndez y Pavone, y decidi\u00f3 suspender el partido durante 17 minutos.<\/p>\n\n\n\n<p class=\"wp-block-paragraph\">Todo comenz\u00f3 cuando los hinchas \u00abcerveceros\u00bb se acercaron al l\u00edmite que une la habitual popular local y la platea donde estaban los boquenses y les lanzaron piedras y botellas.<\/p>\n\n\n\n<p class=\"wp-block-paragraph\">Luego forzaron una de las puertas y trataron de subir a la platea ante la intervenci\u00f3n policial, que lanz\u00f3 agua para frenar a los revoltosos.<\/p>\n\n\n\n<p class=\"wp-block-paragraph\">De estos incidentes qued\u00f3 como resultado que el jefe de seguridad de Quilmes, Pablo Otero, fue herido en la cabeza con un corte sangrante.<\/p>\n\n\n\n<p class=\"wp-block-paragraph\">Aquellos hinchas con memoria recuerdan que la rivalidad entre barras de Quilmes y Boca viene de hace a\u00f1os y tuvo su momento de mayor repercusi\u00f3n el 5 de enero de 1983.<\/p>\n\n\n\n<p class=\"wp-block-paragraph\">Esa noche de s\u00e1bado, Quilmes, que ya estaba descendido, visit\u00f3 a Boca Juniors y perdi\u00f3 1 a 0. Luego del partido el choque entre ambas barras provoc\u00f3 dos muertos: un hincha de Boca, Ra\u00fal Serv\u00edn Mart\u00ednez, de 18 a\u00f1os y otro hincha de Quilmes, Ra\u00fal David Calixto, de 17, que falleci\u00f3 a ra\u00edz de un paro card\u00edaco mientras escapaba.<\/p>\n\n\n\n<p class=\"wp-block-paragraph\">Del enfrentamiento en las cercan\u00edas de la Bombonera, en la zona de Caminito se acus\u00f3 de la muerte del hincha de Boca al jefe de la hinchada quilme\u00f1a, Carlos Alberto De Godoy, m\u00e1s conocido como \u00abEl Negro Thompson\u00bb.<\/p>\n\n\n\n<p class=\"wp-block-paragraph\">La historia entre ambas barras hab\u00eda nacido un a\u00f1o antes cuando \u00abThompson\u00bb y Jos\u00e9 Barrita, \u00abEl Abuelo\u00bb, l\u00edder de la \u00ab12\u00bb, se disputaban las entradas de favor para ir al mundial de Espa\u00f1a 1982.<\/p>\n\n\n\n<p class=\"wp-block-paragraph\">\u00abThompson\u00bb fue liberado por la justicia r\u00e1pidamente y cuatro a\u00f1os despu\u00e9s se lo encontr\u00f3 culpable, falleciendo en la c\u00e1rcel de Villa Devoto a comienzos de 1989. <\/p>\n","protected":false},"excerpt":{"rendered":"<p>El encuentro<\/p>\n","protected":false},"author":1,"featured_media":39574,"comment_status":"open","ping_status":"open","sticky":false,"template":"","format":"standard","meta":{"footnotes":""},"categories":[6,10],"tags":[114,22,71,17],"class_list":["post-30478","post","type-post","status-publish","format-standard","has-post-thumbnail","hentry","category-deportes","category-mas-noticias","tag-copa-argentina","tag-futbol","tag-qac","tag-quilmes"],"_links":{"self":[{"href":"https:\/\/panoramadelsur.com.ar\/index.php?rest_route=\/wp\/v2\/posts\/30478","targetHints":{"allow":["GET"]}}],"collection":[{"href":"https:\/\/panoramadelsur.com.ar\/index.php?rest_route=\/wp\/v2\/posts"}],"about":[{"href":"https:\/\/panoramadelsur.com.ar\/index.php?rest_route=\/wp\/v2\/types\/post"}],"author":[{"embeddable":true,"href":"https:\/\/panoramadelsur.com.ar\/index.php?rest_route=\/wp\/v2\/users\/1"}],"replies":[{"embeddable":true,"href":"https:\/\/panoramadelsur.com.ar\/index.php?rest_route=%2Fwp%2Fv2%2Fcomments&post=30478"}],"version-history":[{"count":1,"href":"https:\/\/panoramadelsur.com.ar\/index.php?rest_route=\/wp\/v2\/posts\/30478\/revisions"}],"predecessor-version":[{"id":30480,"href":"https:\/\/panoramadelsur.com.ar\/index.php?rest_route=\/wp\/v2\/posts\/30478\/revisions\/30480"}],"wp:featuredmedia":[{"embeddable":true,"href":"https:\/\/panoramadelsur.com.ar\/index.php?rest_route=\/wp\/v2\/media\/39574"}],"wp:attachment":[{"href":"https:\/\/panoramadelsur.com.ar\/index.php?rest_route=%2Fwp%2Fv2%2Fmedia&parent=30478"}],"wp:term":[{"taxonomy":"category","embeddable":true,"href":"https:\/\/panoramadelsur.com.ar\/index.php?rest_route=%2Fwp%2Fv2%2Fcategories&post=30478"},{"taxonomy":"post_tag","embeddable":true,"href":"https:\/\/panoramadelsur.com.ar\/index.php?rest_route=%2Fwp%2Fv2%2Ftags&post=30478"}],"curies":[{"name":"wp","href":"https:\/\/api.w.org\/{rel}","templated":true}]}}