{"id":30499,"date":"2022-09-29T01:06:00","date_gmt":"2022-09-29T04:06:00","guid":{"rendered":"https:\/\/panoramadelsur.com.ar\/?p=30499"},"modified":"2022-09-29T02:13:18","modified_gmt":"2022-09-29T05:13:18","slug":"la-programacion-de-la-fecha-31-del-federal-a-de-futbol","status":"publish","type":"post","link":"https:\/\/panoramadelsur.com.ar\/?p=30499","title":{"rendered":"LA PROGRAMACI\u00d3N DE LA FECHA 31 DEL FEDERAL A DE F\u00daTBOL"},"content":{"rendered":"\n<p>La siguiente es la programaci\u00f3n prevista para la 31ra. Fecha del torneo Federal A, a jugarse entre s\u00e1bado 1 y lunes 3 de octubre.<\/p>\n\n\n\n<p>-Zona Sur-<\/p>\n\n\n\n<p>S\u00e1bado 1, a las 11.00: Cipolletti de R\u00edo Negro-Liniers de Bah\u00eda Blanca; Gast\u00f3n Mons\u00f3n Brizuela (R\u00edo Tercero)<\/p>\n\n\n\n<p>S\u00e1bado 1, a las 16.00: Ciudad Bol\u00edvar-Ferro de General Pico; Jos\u00e9 D\u00edaz (Villa Mercedes)<\/p>\n\n\n\n<p>S\u00e1bado 1, a las 16.00: Olimpo de Bah\u00eda Blanca-Independiente de Chivilcoy, Mat\u00edas Billione Carpio (C\u00f3rdoba)<\/p>\n\n\n\n<p>S\u00e1bado 1, a las 16.00: Sansinena de General Cerri-Pe\u00f1arol de San Juan; Lucas Cavallero (Villa Constituci\u00f3n)<\/p>\n\n\n\n<p>Domingo 2, a las 11.00: Deportivo Camioneros-Argentino de Monte Ma\u00edz; Maximiliano Macheroni (Rosario)<\/p>\n\n\n\n<p>Domingo 2, a las 16.00: Estudiantes de San Luis-Sol de Mayo de Viedma; Fernando Marcos (Bah\u00eda Blanca)<\/p>\n\n\n\n<p>Domingo 2, a las 16.00: Villa Mitre de Bah\u00eda Blanca-Juventud Unida Universitario de San Luis; Marcelo Sanz (Coronel Vidal)<\/p>\n\n\n\n<p>Domingo 2, a las 16.30: Sportivo Desamparados de San Juan-C\u00edrculo Deportivo Nicanor Otamendi; Fabricio Llobet (C\u00f3rdoba)<\/p>\n\n\n\n<p>Libre: Hurac\u00e1n Las Heras de Mendoza<\/p>\n\n\n\n<p>-Zona Norte-<\/p>\n\n\n\n<p>S\u00e1bado 1, a las 21.00: Sarmiento de Resistencia-Central Norte de Salta; Alvaro Carranza (Villa Mar\u00eda)<\/p>\n\n\n\n<p>Domingo 2, a las 11.00: Juventud Unida de Gualeguaych\u00fa-Gimnasia y Tiro de Salta; Fernando Rekers (C\u00f3rdoba)<\/p>\n\n\n\n<p>Domingo 2, a las 16.00: Douglas Haig de Pergamino-Defensores de Belgrano de Villa Ramallo; Joaqu\u00edn Gil (San Pedro)<\/p>\n\n\n\n<p>Domingo 2, a las 16.00: Gimnasia de Concepci\u00f3n del Uruguay-Uni\u00f3n de Sunchales; Jonathan Correa (C\u00f3rdoba)<\/p>\n\n\n\n<p>Domingo 2, a las 16.00: Boca Unidos de Corrientes-Atl\u00e9tico Paran\u00e1; Gustavo Benites (Salta)<\/p>\n\n\n\n<p>Domingo 2, a las 16.30: Racing de C\u00f3rdoba-Defensores de Pronunciamiento; Pablo N\u00fa\u00f1ez (San Juan)<\/p>\n\n\n\n<p>Domingo 2, a las 19.00: Juventud Antoniana de Salta-Sportivo Las Parejas; Bruno Amiconi (Salto)<\/p>\n\n\n\n<p>Lunes 3, a las 20.30: Sportivo Belgrano de San Francisco-San Mart\u00edn de Formosa; Guillermo Gonz\u00e1lez (Resistencia)<\/p>\n\n\n\n<p>Libre: Crucero del Norte de Posadas. <\/p>\n","protected":false},"excerpt":{"rendered":"<p>La siguiente<\/p>\n","protected":false},"author":1,"featured_media":39574,"comment_status":"open","ping_status":"open","sticky":false,"template":"","format":"standard","meta":{"footnotes":""},"categories":[6],"tags":[146],"class_list":["post-30499","post","type-post","status-publish","format-standard","has-post-thumbnail","hentry","category-deportes","tag-torneo-federal-a"],"_links":{"self":[{"href":"https:\/\/panoramadelsur.com.ar\/index.php?rest_route=\/wp\/v2\/posts\/30499","targetHints":{"allow":["GET"]}}],"collection":[{"href":"https:\/\/panoramadelsur.com.ar\/index.php?rest_route=\/wp\/v2\/posts"}],"about":[{"href":"https:\/\/panoramadelsur.com.ar\/index.php?rest_route=\/wp\/v2\/types\/post"}],"author":[{"embeddable":true,"href":"https:\/\/panoramadelsur.com.ar\/index.php?rest_route=\/wp\/v2\/users\/1"}],"replies":[{"embeddable":true,"href":"https:\/\/panoramadelsur.com.ar\/index.php?rest_route=%2Fwp%2Fv2%2Fcomments&post=30499"}],"version-history":[{"count":1,"href":"https:\/\/panoramadelsur.com.ar\/index.php?rest_route=\/wp\/v2\/posts\/30499\/revisions"}],"predecessor-version":[{"id":30501,"href":"https:\/\/panoramadelsur.com.ar\/index.php?rest_route=\/wp\/v2\/posts\/30499\/revisions\/30501"}],"wp:featuredmedia":[{"embeddable":true,"href":"https:\/\/panoramadelsur.com.ar\/index.php?rest_route=\/wp\/v2\/media\/39574"}],"wp:attachment":[{"href":"https:\/\/panoramadelsur.com.ar\/index.php?rest_route=%2Fwp%2Fv2%2Fmedia&parent=30499"}],"wp:term":[{"taxonomy":"category","embeddable":true,"href":"https:\/\/panoramadelsur.com.ar\/index.php?rest_route=%2Fwp%2Fv2%2Fcategories&post=30499"},{"taxonomy":"post_tag","embeddable":true,"href":"https:\/\/panoramadelsur.com.ar\/index.php?rest_route=%2Fwp%2Fv2%2Ftags&post=30499"}],"curies":[{"name":"wp","href":"https:\/\/api.w.org\/{rel}","templated":true}]}}