{"id":30502,"date":"2022-09-29T01:02:00","date_gmt":"2022-09-29T04:02:00","guid":{"rendered":"https:\/\/panoramadelsur.com.ar\/?p=30502"},"modified":"2022-09-29T02:21:22","modified_gmt":"2022-09-29T05:21:22","slug":"massa-y-kicillof-firmaron-convenios-para-obras-de-salud-y-seguridad-vial-con-financiamiento-del-bid","status":"publish","type":"post","link":"https:\/\/panoramadelsur.com.ar\/?p=30502","title":{"rendered":"MASSA Y KICILLOF FIRMARON CONVENIOS PARA OBRAS DE SALUD Y SEGURIDAD VIAL CON FINANCIAMIENTO DEL BID"},"content":{"rendered":"\n<p class=\"wp-block-paragraph\">El ministro de Econom\u00eda, Sergio Massa, firm\u00f3 con el gobernador de la provincia de Buenos Aires, Axel Kicillof, dos convenios para el financiamiento de obras destinadas al desarrollo de la salud y a la infraestructura vial y que cuentan con financiamiento del Banco Interamericano de Desarrollo (BID).<\/p>\n\n\n\n<p class=\"wp-block-paragraph\">El ministro hizo este anuncio a trav\u00e9s de su cuenta en la red social Twitter en la cual se\u00f1al\u00f3: \u00abjunto con el ministro de Hacienda y Finanzas bonaerense, Pablo L\u00f3pez firmamos dos pr\u00e9stamos del BID, para financiar infraestructura en salud y seguridad vial en la provincia que beneficiar\u00e1 a m\u00e1s de 6 millones de bonaerenses\u00bb.<\/p>\n\n\n\n<p class=\"wp-block-paragraph\">La firma de los convenios tuvo lugar en el Palacio de Hacienda. <\/p>\n","protected":false},"excerpt":{"rendered":"<p>El ministro<\/p>\n","protected":false},"author":1,"featured_media":39574,"comment_status":"open","ping_status":"open","sticky":false,"template":"","format":"standard","meta":{"footnotes":""},"categories":[10,5],"tags":[],"class_list":["post-30502","post","type-post","status-publish","format-standard","has-post-thumbnail","hentry","category-mas-noticias","category-provincia"],"_links":{"self":[{"href":"https:\/\/panoramadelsur.com.ar\/index.php?rest_route=\/wp\/v2\/posts\/30502","targetHints":{"allow":["GET"]}}],"collection":[{"href":"https:\/\/panoramadelsur.com.ar\/index.php?rest_route=\/wp\/v2\/posts"}],"about":[{"href":"https:\/\/panoramadelsur.com.ar\/index.php?rest_route=\/wp\/v2\/types\/post"}],"author":[{"embeddable":true,"href":"https:\/\/panoramadelsur.com.ar\/index.php?rest_route=\/wp\/v2\/users\/1"}],"replies":[{"embeddable":true,"href":"https:\/\/panoramadelsur.com.ar\/index.php?rest_route=%2Fwp%2Fv2%2Fcomments&post=30502"}],"version-history":[{"count":1,"href":"https:\/\/panoramadelsur.com.ar\/index.php?rest_route=\/wp\/v2\/posts\/30502\/revisions"}],"predecessor-version":[{"id":30504,"href":"https:\/\/panoramadelsur.com.ar\/index.php?rest_route=\/wp\/v2\/posts\/30502\/revisions\/30504"}],"wp:featuredmedia":[{"embeddable":true,"href":"https:\/\/panoramadelsur.com.ar\/index.php?rest_route=\/wp\/v2\/media\/39574"}],"wp:attachment":[{"href":"https:\/\/panoramadelsur.com.ar\/index.php?rest_route=%2Fwp%2Fv2%2Fmedia&parent=30502"}],"wp:term":[{"taxonomy":"category","embeddable":true,"href":"https:\/\/panoramadelsur.com.ar\/index.php?rest_route=%2Fwp%2Fv2%2Fcategories&post=30502"},{"taxonomy":"post_tag","embeddable":true,"href":"https:\/\/panoramadelsur.com.ar\/index.php?rest_route=%2Fwp%2Fv2%2Ftags&post=30502"}],"curies":[{"name":"wp","href":"https:\/\/api.w.org\/{rel}","templated":true}]}}