{"id":30507,"date":"2022-09-29T01:01:00","date_gmt":"2022-09-29T04:01:00","guid":{"rendered":"https:\/\/panoramadelsur.com.ar\/?p=30507"},"modified":"2022-09-29T02:32:09","modified_gmt":"2022-09-29T05:32:09","slug":"este-jueves-pagan-asignaciones-de-pago-unico-y-de-pensiones-no-contributivas","status":"publish","type":"post","link":"https:\/\/panoramadelsur.com.ar\/?p=30507","title":{"rendered":"ESTE JUEVES PAGAN ASIGNACIONES DE PAGO \u00daNICO Y DE PENSIONES NO CONTRIBUTIVAS"},"content":{"rendered":"\n<p class=\"wp-block-paragraph\">La Administraci\u00f3n Nacional de Seguridad Social (ANSES) continuar\u00e1 este jueves con el pago de las Asignaciones de pago \u00fanico: matrimonio, adopci\u00f3n y nacimiento de la primera y segunda quincena de septiembre hasta el 12 de octubre pr\u00f3ximo.<\/p>\n\n\n\n<p class=\"wp-block-paragraph\">Tambi\u00e9n prosigue el abono de la Asignaciones Familiares de Pensiones no Contributivas hasta el 12 de octubre 2022.<\/p>\n\n\n\n<p class=\"wp-block-paragraph\">Por otra parte, este jueves estar\u00e1 disponible la Prestaci\u00f3n por Desempleo a las personas con Documento Nacional de Identidad (DNI) finalizado en 8 y 9 incluidas en ese programa. <\/p>\n","protected":false},"excerpt":{"rendered":"<p>La Administraci\u00f3n<\/p>\n","protected":false},"author":1,"featured_media":39574,"comment_status":"open","ping_status":"open","sticky":false,"template":"","format":"standard","meta":{"footnotes":""},"categories":[4,8],"tags":[20,59],"class_list":["post-30507","post","type-post","status-publish","format-standard","has-post-thumbnail","hentry","category-nacionales","category-para-agendar","tag-anses","tag-nacionales"],"_links":{"self":[{"href":"https:\/\/panoramadelsur.com.ar\/index.php?rest_route=\/wp\/v2\/posts\/30507","targetHints":{"allow":["GET"]}}],"collection":[{"href":"https:\/\/panoramadelsur.com.ar\/index.php?rest_route=\/wp\/v2\/posts"}],"about":[{"href":"https:\/\/panoramadelsur.com.ar\/index.php?rest_route=\/wp\/v2\/types\/post"}],"author":[{"embeddable":true,"href":"https:\/\/panoramadelsur.com.ar\/index.php?rest_route=\/wp\/v2\/users\/1"}],"replies":[{"embeddable":true,"href":"https:\/\/panoramadelsur.com.ar\/index.php?rest_route=%2Fwp%2Fv2%2Fcomments&post=30507"}],"version-history":[{"count":1,"href":"https:\/\/panoramadelsur.com.ar\/index.php?rest_route=\/wp\/v2\/posts\/30507\/revisions"}],"predecessor-version":[{"id":30508,"href":"https:\/\/panoramadelsur.com.ar\/index.php?rest_route=\/wp\/v2\/posts\/30507\/revisions\/30508"}],"wp:featuredmedia":[{"embeddable":true,"href":"https:\/\/panoramadelsur.com.ar\/index.php?rest_route=\/wp\/v2\/media\/39574"}],"wp:attachment":[{"href":"https:\/\/panoramadelsur.com.ar\/index.php?rest_route=%2Fwp%2Fv2%2Fmedia&parent=30507"}],"wp:term":[{"taxonomy":"category","embeddable":true,"href":"https:\/\/panoramadelsur.com.ar\/index.php?rest_route=%2Fwp%2Fv2%2Fcategories&post=30507"},{"taxonomy":"post_tag","embeddable":true,"href":"https:\/\/panoramadelsur.com.ar\/index.php?rest_route=%2Fwp%2Fv2%2Ftags&post=30507"}],"curies":[{"name":"wp","href":"https:\/\/api.w.org\/{rel}","templated":true}]}}