{"id":30520,"date":"2022-09-29T01:04:00","date_gmt":"2022-09-29T04:04:00","guid":{"rendered":"https:\/\/panoramadelsur.com.ar\/?p=30520"},"modified":"2022-09-29T14:27:01","modified_gmt":"2022-09-29T17:27:01","slug":"mayra-superviso-los-avances-de-la-obra-de-la-ciudad-de-los-deportes-de-san-francisco-solano-vinimos-a-transformar-las-realidades-injustas","status":"publish","type":"post","link":"https:\/\/panoramadelsur.com.ar\/?p=30520","title":{"rendered":"MAYRA SUPERVIS\u00d3 LOS AVANCES DE LA OBRA DE LA CIUDAD DE LOS DEPORTES DE SAN FRANCISCO SOLANO: \u00abVINIMOS A TRANSFORMAR LAS REALIDADES INJUSTAS\u00bb"},"content":{"rendered":"\n<p class=\"wp-block-paragraph\">La intendenta de Quilmes, Mayra Mendoza, recorri\u00f3 este jueves los avances de obra de la Ciudad de los Deportes, ubicada en la avenida Ferrocarril Provincial, en el tramo comprendido por las calles 854 hasta 856, predio lindero al Corredor Urbano de San Francisco Solano, un ambicioso proyecto para que los vecinos y vecinas disfruten de un espacio p\u00fablico de calidad, totalmente equipado y con diversas opciones para llevar a cabo la pr\u00e1ctica de actividades deportivas y recreativas al aire libre.<\/p>\n\n\n\n<p class=\"wp-block-paragraph\">\u201cDe esto se trata, de que podamos trabajar, gestionar, gobernar, tomar definiciones pol\u00edticas para ir cumpliendo los anhelos y los sue\u00f1os. Nos pasa en un mont\u00f3n de lugares, nos pasa en los clubes cuando llegamos con alguna obra que esperaban hace un mont\u00f3n de tiempo, que ahora invertimos y la podemos hacer; nos pasa en los barrios, donde desde hace 40 o 50 a\u00f1os se esperaban obras de infraestructura, hidr\u00e1ulicas, pavimentos o luces\u201d, afirm\u00f3 Mayra.<\/p>\n\n\n\n<p class=\"wp-block-paragraph\">En di\u00e1logo con los vecinos, la Intendenta asegur\u00f3: \u201cSolano es muy importante. Adem\u00e1s de tener mucho potencial, tiene una comunidad hermosa, de gente de mucho trabajo, de mucho empuje, de mucha fuerza. Para nosotros es un deber y una obligaci\u00f3n devolverles con obras de infraestructura, que mejoran la calidad de vida, a quienes nos dieron la posibilidad de estar gobernando\u201d.<\/p>\n\n\n\n<p class=\"wp-block-paragraph\">Y para cerrar, Mayra remarc\u00f3: \u201cLo que tenemos que pensar es que todo el Municipio necesita muchos a\u00f1os de trabajo con esta misma impronta, con esta misma energ\u00eda, con este mismo grupo de gente, que estamos para trabajar, por eso necesitamos que nuestro pueblo nos siga acompa\u00f1ando. Vinimos a transformar las realidades injustas y ac\u00e1 hac\u00eda falta un parque, asfaltos, luces, y es lo que queremos seguir haciendo\u201d.<\/p>\n\n\n\n<p class=\"wp-block-paragraph\">Por su parte, la secretaria de Desarrollo Urbano y Obra P\u00fablica, Ceci Soler, destac\u00f3 la importancia del proyecto para San Francisco Solano y detall\u00f3 que la Ciudad de los Deportes \u201ccontar\u00e1 con canchas multideportes, cancha de f\u00fatbol 7, de f\u00fatbol-tenis, un lugar para patinaje, juegos para chicos, una estaci\u00f3n saludable y un sendero aer\u00f3bico. Adem\u00e1s, contar\u00e1 con un murg\u00f3dromo, donde podr\u00e1n ensayar las murgas locales\u201d.<\/p>\n\n\n\n<p class=\"wp-block-paragraph\">En tanto, el secretario de Culturas y Deportes, Nicol\u00e1s Mellino, se refiri\u00f3 a la transformaci\u00f3n del lugar: \u201cAntes era un descampado y hoy nos encontramos con la construcci\u00f3n de un hermoso parque para deportes, una deuda hist\u00f3rica que ten\u00eda el Estado con los vecinos y las vecinas de San Francisco Solano, para que todas las familias y los clubes de barrio puedan venir a disfrutar\u201d.<\/p>\n\n\n\n<p class=\"wp-block-paragraph\">Los vecinos y vecinas le agradecieron a Mayra por el trabajo. \u201cHace 50 a\u00f1os que vivo ac\u00e1 y pens\u00e9 que nunca iba a ver esto. Somos muchos los vecinos que hemos luchado durante muchas gestiones, sin tener respuesta. As\u00ed que estoy feliz. Todo el barrio est\u00e1 contento\u201d, dijo Mar\u00eda. En esa l\u00ednea, Ana resalt\u00f3: \u201cYo voy a los hechos y se valora mucho todo tu trabajo, as\u00ed que ojal\u00e1 puedas seguir adelante y te felicito\u201d.<\/p>\n\n\n\n<p class=\"wp-block-paragraph\">La Ciudad de los Deportes incluye la incorporaci\u00f3n de una plaza l\u00fadica segura para los ni\u00f1os y ni\u00f1as, una estaci\u00f3n saludable, m\u00faltiples playones deportivos, espacios para exposiciones y muestras, un murg\u00f3dromo, mobiliario urbano como bancos, mesas, cestos, bebederos y p\u00e9rgolas; la construcci\u00f3n de veredas perimetrales, continuas y accesibles, dotadas de rampas peatonales y la ejecuci\u00f3n de una pasarela sobre el puente peatonal existente, para asegurar la llegada al parque de cada uno de los quilme\u00f1os y quilme\u00f1as.<\/p>\n\n\n\n<p class=\"wp-block-paragraph\">Tambi\u00e9n se instalar\u00e1n nuevas luminarias LED, c\u00e1maras de seguridad y se\u00f1al\u00e9ticas vehiculares; adem\u00e1s de la plantaci\u00f3n y mantenci\u00f3n por un per\u00edodo de seis meses de \u00e1rboles, arbustos y la colocaci\u00f3n de panes de c\u00e9sped, ya que se tiene en cuenta los beneficios ambientales que brindan: disminuci\u00f3n de consumo energ\u00e9tico en \u00e9poca estival, retenci\u00f3n de material particulado atmosf\u00e9rico y disminuci\u00f3n de la contaminaci\u00f3n sonora.<\/p>\n\n\n\n<p class=\"wp-block-paragraph\">Esta iniciativa forma parte de los 30 compromisos de gesti\u00f3n que asumi\u00f3 la Jefa comunal durante su primer mandato. Para conocer el avance de cada uno, los interesados e interesadas pueden ingresar en: https:\/\/www.quilmes.gov.ar\/compromisos\/<\/p>\n\n\n\n<p class=\"wp-block-paragraph\">Estuvieron presentes en la actividad la subsecretaria de H\u00e1bitat, Emilia Aristei; la titular de la UDAI ANSES de Solano, Florencia Hern\u00e1ndez, y el director del Centro de Gesti\u00f3n y Participaci\u00f3n Ciudadana (CGPC) de Solano, Ram\u00f3n Arce.<\/p>\n","protected":false},"excerpt":{"rendered":"<p>La intendenta<\/p>\n","protected":false},"author":1,"featured_media":39574,"comment_status":"open","ping_status":"open","sticky":false,"template":"","format":"standard","meta":{"footnotes":""},"categories":[1,2],"tags":[],"class_list":["post-30520","post","type-post","status-publish","format-standard","has-post-thumbnail","hentry","category-destacados","category-quilmes"],"_links":{"self":[{"href":"https:\/\/panoramadelsur.com.ar\/index.php?rest_route=\/wp\/v2\/posts\/30520","targetHints":{"allow":["GET"]}}],"collection":[{"href":"https:\/\/panoramadelsur.com.ar\/index.php?rest_route=\/wp\/v2\/posts"}],"about":[{"href":"https:\/\/panoramadelsur.com.ar\/index.php?rest_route=\/wp\/v2\/types\/post"}],"author":[{"embeddable":true,"href":"https:\/\/panoramadelsur.com.ar\/index.php?rest_route=\/wp\/v2\/users\/1"}],"replies":[{"embeddable":true,"href":"https:\/\/panoramadelsur.com.ar\/index.php?rest_route=%2Fwp%2Fv2%2Fcomments&post=30520"}],"version-history":[{"count":1,"href":"https:\/\/panoramadelsur.com.ar\/index.php?rest_route=\/wp\/v2\/posts\/30520\/revisions"}],"predecessor-version":[{"id":30522,"href":"https:\/\/panoramadelsur.com.ar\/index.php?rest_route=\/wp\/v2\/posts\/30520\/revisions\/30522"}],"wp:featuredmedia":[{"embeddable":true,"href":"https:\/\/panoramadelsur.com.ar\/index.php?rest_route=\/wp\/v2\/media\/39574"}],"wp:attachment":[{"href":"https:\/\/panoramadelsur.com.ar\/index.php?rest_route=%2Fwp%2Fv2%2Fmedia&parent=30520"}],"wp:term":[{"taxonomy":"category","embeddable":true,"href":"https:\/\/panoramadelsur.com.ar\/index.php?rest_route=%2Fwp%2Fv2%2Fcategories&post=30520"},{"taxonomy":"post_tag","embeddable":true,"href":"https:\/\/panoramadelsur.com.ar\/index.php?rest_route=%2Fwp%2Fv2%2Ftags&post=30520"}],"curies":[{"name":"wp","href":"https:\/\/api.w.org\/{rel}","templated":true}]}}