{"id":30535,"date":"2022-09-30T01:33:00","date_gmt":"2022-09-30T04:33:00","guid":{"rendered":"https:\/\/panoramadelsur.com.ar\/?p=30535"},"modified":"2022-09-30T13:40:14","modified_gmt":"2022-09-30T16:40:14","slug":"defensa-y-justicia-visitara-a-platense-en-la-continuidad-de-la-liga-profesional","status":"publish","type":"post","link":"https:\/\/panoramadelsur.com.ar\/?p=30535","title":{"rendered":"DEFENSA Y JUSTICIA VISITAR\u00c1 A PLATENSE EN LA CONTINUIDAD DE LA LIGA PROFESIONAL"},"content":{"rendered":"\n<p>Defensa y Justicia, que suma tres triunfos consecutivos desde el alejamiento del entrenador Sebasti\u00e1n Beccacece, intentar\u00e1 consolidar su clasificaci\u00f3n para la Copa Sudamericana del a\u00f1o pr\u00f3ximo cuando visite este s\u00e1bado a Platense, por la 22da. fecha de la Liga Profesional de F\u00fatbol (LPF).<\/p>\n\n\n\n<p>El encuentro se jugar\u00e1 este s\u00e1bado desde las 13 en el estadio Ciudad de Vicente L\u00f3pez, con el arbitraje de Nazareno Arasa y televisado por ESPN Premium.<\/p>\n\n\n\n<p>En Defensa, Beccacece se fue en la 18va. fecha de esta liga, en los dos cotejos siguientes (Argentinos y Estudiantes) la dupla Nicol\u00e1s Diez-Guillermo Marino condujo al equipo y en la fecha pasada asumi\u00f3 Julio Vaccari ante Patronato y el \u00abHalc\u00f3n\u00bb gan\u00f3 los nueve puntos.<\/p>\n\n\n\n<p>Esta muy buena racha lo ubica en la pr\u00f3xima Copa Sudamericana, que es el objetivo del club de Florencio Varela ya que jugar anualmente torneo internacionales le da prestigio e ingresos en d\u00f3lares.<\/p>\n\n\n\n<p>Platense tiene otra meta, la de mantener la categor\u00eda, y esta bien enfocado en ella. El equipo de Omar De Felipe est\u00e1 lejos de haberse salvado del peligro de caer en \u00abzona roja\u00bb pero si mantiene este rendimiento no tendr\u00e1 inconvenientes en seguir en la LPF.<\/p>\n\n\n\n<p>Esta ser\u00e1 la tercera vez que se enfrentar\u00e1n ambos que ambos equipos juegan, lo hicieron en la Superliga y gan\u00f3 Defensa 2-1 (23 de octubre de 2021) y en la Copa de la Liga empataron 1-1 (25 de abril pasado).<\/p>\n\n\n\n<p>+ Probables formaciones +<\/p>\n\n\n\n<p>Platense: Marcos Ledesma; Haibrany Ruiz D\u00edaz, Ramiro Gonz\u00e1lez, Gast\u00f3n Susso y Ayrton Costa; Franco Camargo, Alexis Sabella, Iv\u00e1n G\u00f3mez y Horacio Tijanovich; Mauro Z\u00e1rate e Ignacio Schor. DT: Omar De Felippe.<\/p>\n\n\n\n<p>Defensa y Justicia: Ezequiel Unsain; Nicol\u00e1s Tripicchio, Adonis Fr\u00edas, Nazareno Colombo y Alexis Soto; Juli\u00e1n L\u00f3pez; Gabriel Alan\u00eds, Tom\u00e1s Galv\u00e1n, Manuel Duarte y Gast\u00f3n Togni; Nicol\u00e1s Fern\u00e1ndez. DT: Julio Vaccari.<\/p>\n\n\n\n<p>Arbitro: Nazareno Arasa<\/p>\n\n\n\n<p>VAR: Ya\u00e9l Falc\u00f3n P\u00e9rez.<\/p>\n\n\n\n<p>Cancha: Platense.<\/p>\n\n\n\n<p>Hora de inicio: 13.<\/p>\n\n\n\n<p>TV: ESPN Premium.<\/p>\n","protected":false},"excerpt":{"rendered":"<p>Defensa y<\/p>\n","protected":false},"author":1,"featured_media":39574,"comment_status":"open","ping_status":"open","sticky":false,"template":"","format":"standard","meta":{"footnotes":""},"categories":[6],"tags":[],"class_list":["post-30535","post","type-post","status-publish","format-standard","has-post-thumbnail","hentry","category-deportes"],"_links":{"self":[{"href":"https:\/\/panoramadelsur.com.ar\/index.php?rest_route=\/wp\/v2\/posts\/30535","targetHints":{"allow":["GET"]}}],"collection":[{"href":"https:\/\/panoramadelsur.com.ar\/index.php?rest_route=\/wp\/v2\/posts"}],"about":[{"href":"https:\/\/panoramadelsur.com.ar\/index.php?rest_route=\/wp\/v2\/types\/post"}],"author":[{"embeddable":true,"href":"https:\/\/panoramadelsur.com.ar\/index.php?rest_route=\/wp\/v2\/users\/1"}],"replies":[{"embeddable":true,"href":"https:\/\/panoramadelsur.com.ar\/index.php?rest_route=%2Fwp%2Fv2%2Fcomments&post=30535"}],"version-history":[{"count":1,"href":"https:\/\/panoramadelsur.com.ar\/index.php?rest_route=\/wp\/v2\/posts\/30535\/revisions"}],"predecessor-version":[{"id":30537,"href":"https:\/\/panoramadelsur.com.ar\/index.php?rest_route=\/wp\/v2\/posts\/30535\/revisions\/30537"}],"wp:featuredmedia":[{"embeddable":true,"href":"https:\/\/panoramadelsur.com.ar\/index.php?rest_route=\/wp\/v2\/media\/39574"}],"wp:attachment":[{"href":"https:\/\/panoramadelsur.com.ar\/index.php?rest_route=%2Fwp%2Fv2%2Fmedia&parent=30535"}],"wp:term":[{"taxonomy":"category","embeddable":true,"href":"https:\/\/panoramadelsur.com.ar\/index.php?rest_route=%2Fwp%2Fv2%2Fcategories&post=30535"},{"taxonomy":"post_tag","embeddable":true,"href":"https:\/\/panoramadelsur.com.ar\/index.php?rest_route=%2Fwp%2Fv2%2Ftags&post=30535"}],"curies":[{"name":"wp","href":"https:\/\/api.w.org\/{rel}","templated":true}]}}