{"id":3058,"date":"2021-04-19T10:59:07","date_gmt":"2021-04-19T10:59:07","guid":{"rendered":"http:\/\/panoramadelsur.com.ar\/?p=3058"},"modified":"2021-04-19T10:59:09","modified_gmt":"2021-04-19T10:59:09","slug":"fiscalizan-la-actividad-comercial-en-la-nueva-etapa-de-cuidados","status":"publish","type":"post","link":"https:\/\/panoramadelsur.com.ar\/?p=3058","title":{"rendered":"Fiscalizan la actividad comercial en la nueva etapa de cuidados"},"content":{"rendered":"\n<p class=\"wp-block-paragraph\">La secretaria de Gobierno municipal hizo saber que a los controles habituales sobre la actividad comercial, la subsecretar\u00eda de Inspecci\u00f3n General tambi\u00e9n fiscaliza el cumplimiento de las normas dispuestas por el Estado nacional para proteger a la poblaci\u00f3n ante la pandemia de coronavirus, en cuanto a los horarios establecidos para el funcionamiento de los locales.<\/p>\n\n\n\n<p class=\"wp-block-paragraph\">En un informe que da cuenta de los controles ejercidos durante las primeras horas de la nueva etapa de cuidados, se destaca que por no contar con habilitaci\u00f3n y no respetar el decreto presidencial, se clausur\u00f3 la pizzer\u00eda de Senzabello al 700.<\/p>\n\n\n\n<p class=\"wp-block-paragraph\">Cabe destacar que las inspecciones se desarrollaron conjuntamente&nbsp; con la Guardia Comunal y la polic\u00eda de la provincia de Buenos Aires.<\/p>\n\n\n\n<p class=\"wp-block-paragraph\">La fuerza de seguridad bonaerense, en la primera noche de restricciones a la circulaci\u00f3n, inici\u00f3 actuaciones por transgredir el art\u00edculo 205 del c\u00f3digo penal argentino, a 18 personas.<\/p>\n\n\n\n<p class=\"wp-block-paragraph\">En el informe se da cuenta que se propici\u00f3 el cierre de los locales que se encontraban en funcionamiento, tras el horario de cese de actividades instituido.<\/p>\n","protected":false},"excerpt":{"rendered":"<p>La secretaria<\/p>\n","protected":false},"author":1,"featured_media":39574,"comment_status":"open","ping_status":"open","sticky":false,"template":"","format":"standard","meta":{"footnotes":""},"categories":[3],"tags":[],"class_list":["post-3058","post","type-post","status-publish","format-standard","has-post-thumbnail","hentry","category-regionales"],"_links":{"self":[{"href":"https:\/\/panoramadelsur.com.ar\/index.php?rest_route=\/wp\/v2\/posts\/3058","targetHints":{"allow":["GET"]}}],"collection":[{"href":"https:\/\/panoramadelsur.com.ar\/index.php?rest_route=\/wp\/v2\/posts"}],"about":[{"href":"https:\/\/panoramadelsur.com.ar\/index.php?rest_route=\/wp\/v2\/types\/post"}],"author":[{"embeddable":true,"href":"https:\/\/panoramadelsur.com.ar\/index.php?rest_route=\/wp\/v2\/users\/1"}],"replies":[{"embeddable":true,"href":"https:\/\/panoramadelsur.com.ar\/index.php?rest_route=%2Fwp%2Fv2%2Fcomments&post=3058"}],"version-history":[{"count":1,"href":"https:\/\/panoramadelsur.com.ar\/index.php?rest_route=\/wp\/v2\/posts\/3058\/revisions"}],"predecessor-version":[{"id":3060,"href":"https:\/\/panoramadelsur.com.ar\/index.php?rest_route=\/wp\/v2\/posts\/3058\/revisions\/3060"}],"wp:featuredmedia":[{"embeddable":true,"href":"https:\/\/panoramadelsur.com.ar\/index.php?rest_route=\/wp\/v2\/media\/39574"}],"wp:attachment":[{"href":"https:\/\/panoramadelsur.com.ar\/index.php?rest_route=%2Fwp%2Fv2%2Fmedia&parent=3058"}],"wp:term":[{"taxonomy":"category","embeddable":true,"href":"https:\/\/panoramadelsur.com.ar\/index.php?rest_route=%2Fwp%2Fv2%2Fcategories&post=3058"},{"taxonomy":"post_tag","embeddable":true,"href":"https:\/\/panoramadelsur.com.ar\/index.php?rest_route=%2Fwp%2Fv2%2Ftags&post=3058"}],"curies":[{"name":"wp","href":"https:\/\/api.w.org\/{rel}","templated":true}]}}