{"id":3061,"date":"2021-04-19T11:21:32","date_gmt":"2021-04-19T11:21:32","guid":{"rendered":"http:\/\/panoramadelsur.com.ar\/?p=3061"},"modified":"2021-04-19T11:21:34","modified_gmt":"2021-04-19T11:21:34","slug":"magario-defendio-las-restricciones-para-estabilizar-el-sistema-sanitario-ante-el-aumento-de-casos","status":"publish","type":"post","link":"https:\/\/panoramadelsur.com.ar\/?p=3061","title":{"rendered":"Magario defendi\u00f3 las restricciones para \u00abestabilizar el sistema sanitario\u00bb ante el aumento de casos"},"content":{"rendered":"\n<p class=\"wp-block-paragraph\">La vicegobernadora bonaerense, Ver\u00f3nica Magario, destac\u00f3 que las medidas restrictivas dispuestas para frenar el aumento de casos de coronavirus en el \u00c1rea Metropolitana de Buenos Aires apuntan a \u00abvolver a normalizar el pico de contagios, estabilizar el sistema sanitario, vacunar y as\u00ed volver a arrancar en mayo\u00bb.<\/p>\n\n\n\n<p class=\"wp-block-paragraph\">\u00abLa provincia de Buenos Aires ha tomado la decisi\u00f3n de medidas restrictivas solo para el conurbano para poder terminar de vacunar a los mayores de 60 y parar la circulaci\u00f3n del virus\u00bb, remarc\u00f3 Magario en el marco de distintas recorridas que realiz\u00f3 en las \u00faltimas horas por los partidos de Alberti y de Chacabuco.<\/p>\n\n\n\n<p class=\"wp-block-paragraph\">La vicegobernadora agreg\u00f3 que el 84% de las muertes por Covid en la provincia de Buenos Aires se dan en esa franja etaria, por lo que analiz\u00f3 que \u00abes imperiosa la necesidad de que ac\u00e1 al 30 de abril podamos vacunar a los mayores de 60 a\u00f1os\u00bb.<\/p>\n\n\n\n<p class=\"wp-block-paragraph\">En ese marco, Magario destac\u00f3 el buen funcionamiento del proceso de vacunaci\u00f3n en la provincia de Buenos Aires y adelant\u00f3 que \u00abestamos muy cerca de cubrir toda la poblaci\u00f3n de riesgo\u00bb.<\/p>\n\n\n\n<p class=\"wp-block-paragraph\">Tras la decisi\u00f3n oficial de suspender las clases presenciales en los distritos que componen el AMBA por el marcado incremento de enfermos por Covid, Magario explicit\u00f3 que la intenci\u00f3n es \u00abvolver a normalizar el pico de contagios, estabilizar el sistema sanitario, vacunar y as\u00ed volver a arrancar en mayo\u00bb.<\/p>\n\n\n\n<p class=\"wp-block-paragraph\">\u00abHay que llevar tranquilidad a la sociedad, tomar decisiones para permitir que el mejor jugador, que es la vacuna, pueda inmunizar a la mayor cantidad de vecinos de nuestro pa\u00eds y permitir la reactivaci\u00f3n de nuestra econom\u00eda\u00bb, concluy\u00f3.<\/p>\n","protected":false},"excerpt":{"rendered":"<p>La vicegobernadora<\/p>\n","protected":false},"author":1,"featured_media":39574,"comment_status":"open","ping_status":"open","sticky":false,"template":"","format":"standard","meta":{"footnotes":""},"categories":[5],"tags":[],"class_list":["post-3061","post","type-post","status-publish","format-standard","has-post-thumbnail","hentry","category-provincia"],"_links":{"self":[{"href":"https:\/\/panoramadelsur.com.ar\/index.php?rest_route=\/wp\/v2\/posts\/3061","targetHints":{"allow":["GET"]}}],"collection":[{"href":"https:\/\/panoramadelsur.com.ar\/index.php?rest_route=\/wp\/v2\/posts"}],"about":[{"href":"https:\/\/panoramadelsur.com.ar\/index.php?rest_route=\/wp\/v2\/types\/post"}],"author":[{"embeddable":true,"href":"https:\/\/panoramadelsur.com.ar\/index.php?rest_route=\/wp\/v2\/users\/1"}],"replies":[{"embeddable":true,"href":"https:\/\/panoramadelsur.com.ar\/index.php?rest_route=%2Fwp%2Fv2%2Fcomments&post=3061"}],"version-history":[{"count":1,"href":"https:\/\/panoramadelsur.com.ar\/index.php?rest_route=\/wp\/v2\/posts\/3061\/revisions"}],"predecessor-version":[{"id":3063,"href":"https:\/\/panoramadelsur.com.ar\/index.php?rest_route=\/wp\/v2\/posts\/3061\/revisions\/3063"}],"wp:featuredmedia":[{"embeddable":true,"href":"https:\/\/panoramadelsur.com.ar\/index.php?rest_route=\/wp\/v2\/media\/39574"}],"wp:attachment":[{"href":"https:\/\/panoramadelsur.com.ar\/index.php?rest_route=%2Fwp%2Fv2%2Fmedia&parent=3061"}],"wp:term":[{"taxonomy":"category","embeddable":true,"href":"https:\/\/panoramadelsur.com.ar\/index.php?rest_route=%2Fwp%2Fv2%2Fcategories&post=3061"},{"taxonomy":"post_tag","embeddable":true,"href":"https:\/\/panoramadelsur.com.ar\/index.php?rest_route=%2Fwp%2Fv2%2Ftags&post=3061"}],"curies":[{"name":"wp","href":"https:\/\/api.w.org\/{rel}","templated":true}]}}