{"id":3077,"date":"2021-04-20T01:09:00","date_gmt":"2021-04-20T01:09:00","guid":{"rendered":"http:\/\/panoramadelsur.com.ar\/?p=3077"},"modified":"2021-04-19T18:31:55","modified_gmt":"2021-04-19T18:31:55","slug":"watson-reinauguro-el-centro-de-desarrollo-infantil-suenos-magicos","status":"publish","type":"post","link":"https:\/\/panoramadelsur.com.ar\/?p=3077","title":{"rendered":"Watson reinaugur\u00f3 el Centro de Desarrollo Infantil \u201cSue\u00f1os M\u00e1gicos\u201d"},"content":{"rendered":"\n<p class=\"wp-block-paragraph\">El titular en el Ejecutivo Local -Andr\u00e9s Watson- recorri\u00f3 ayer las renovadas instalaciones pertenecientes al Espacio de Primera Infancia \u201cSue\u00f1os M\u00e1gicos\u201d, radicado en Don Jos\u00e9 desde el a\u00f1o 2000, tras la culminaci\u00f3n de las obras para potenciar su funcionamiento.<\/p>\n\n\n\n<p class=\"wp-block-paragraph\">\u201cPor su naturaleza, estas entidades institucionalizaron a chicos y chicas para evitar su permanencia en las calles. De ese modo, accedieron a lugares de contenci\u00f3n, formaci\u00f3n o entretenimiento mediante la presencia del Estado en el territorio con acciones concretas\u201d, describi\u00f3 el Mandatario Comunal.<\/p>\n\n\n\n<p class=\"wp-block-paragraph\">Posteriormente, el Intendente remarc\u00f3 \u201cla unicidad de criterio y acci\u00f3n para impulsar acciones con el respaldo de los diferentes estamentos gubernamentales\u201d debido a la intervenci\u00f3n conjunta entre los Ministerios de Desarrollo Social y Obras P\u00fablicas de la Naci\u00f3n m\u00e1s el Municipio en el proyecto.<\/p>\n\n\n\n<p class=\"wp-block-paragraph\">\u201cLa finalizaci\u00f3n de este trabajo ratific\u00f3 la determinaci\u00f3n pol\u00edtica de nuestro presidente, Alberto Fern\u00e1ndez: acompa\u00f1ar a quienes m\u00e1s lo necesitan\u201d, afirm\u00f3 Watson tras examinar la nueva aula, el flamante ba\u00f1o para personas con movilidad reducida m\u00e1s las refacciones efectuadas en sanitarios, cocina, patio exterior, sector de ingreso y egreso.<\/p>\n\n\n\n<p class=\"wp-block-paragraph\">El secretario de Ni\u00f1ez, Adolescencia y Familia de la Naci\u00f3n -Gabriel Lerner- revel\u00f3: \u201cCuando iniciamos relaciones de colaboraci\u00f3n, decidimos comenzar por los Centros de Primera Infancia. \u00c9ste fue el primero donde terminaron la restauraci\u00f3n. Restan cuatro m\u00e1s porque hay toda una bater\u00eda de acciones desarrolladas en conjunto para optimizar estos \u00e1mbitos\u201d.<\/p>\n\n\n\n<p class=\"wp-block-paragraph\">El funcionario vinculado a la cartera nacional comandada por Daniel Arroyo valor\u00f3 la mirada integral aplicada para fortalecer \u201cinstituciones que contribuyen a la salud hogare\u00f1a porque las familias del barrio tienen un sitio seguro para el cuidado de los ni\u00f1os y ni\u00f1as; pero tambi\u00e9n un aporte pedag\u00f3gico ya que los pibes y las pibas que concurren a estos lugares exhiben un mejor desempe\u00f1o en las escuelas\u201d. &nbsp;<\/p>\n\n\n\n<p class=\"wp-block-paragraph\">Las reformas edilicias incluyeron la colocaci\u00f3n de cerco perimetral, readecuaci\u00f3n de instalaci\u00f3n el\u00e9ctrica, provisi\u00f3n de aberturas, cambio de cielorrasos, iluminaci\u00f3n led, reparaci\u00f3n de mamposter\u00edas, revoques m\u00e1s la construcci\u00f3n de una p\u00e9rgola para cubrir un patio externo.<\/p>\n\n\n\n<p class=\"wp-block-paragraph\">Participaron el subsecretario de Primera Infancia de la Naci\u00f3n -Nicol\u00e1s Falcone- y la secretaria de Desarrollo Social en la Municipalidad de Florencio Varela -Natalia Csigo- junto a las autoridades de la entidad.<\/p>\n","protected":false},"excerpt":{"rendered":"<p>El titular<\/p>\n","protected":false},"author":1,"featured_media":39574,"comment_status":"open","ping_status":"open","sticky":false,"template":"","format":"standard","meta":{"footnotes":""},"categories":[3],"tags":[],"class_list":["post-3077","post","type-post","status-publish","format-standard","has-post-thumbnail","hentry","category-regionales"],"_links":{"self":[{"href":"https:\/\/panoramadelsur.com.ar\/index.php?rest_route=\/wp\/v2\/posts\/3077","targetHints":{"allow":["GET"]}}],"collection":[{"href":"https:\/\/panoramadelsur.com.ar\/index.php?rest_route=\/wp\/v2\/posts"}],"about":[{"href":"https:\/\/panoramadelsur.com.ar\/index.php?rest_route=\/wp\/v2\/types\/post"}],"author":[{"embeddable":true,"href":"https:\/\/panoramadelsur.com.ar\/index.php?rest_route=\/wp\/v2\/users\/1"}],"replies":[{"embeddable":true,"href":"https:\/\/panoramadelsur.com.ar\/index.php?rest_route=%2Fwp%2Fv2%2Fcomments&post=3077"}],"version-history":[{"count":1,"href":"https:\/\/panoramadelsur.com.ar\/index.php?rest_route=\/wp\/v2\/posts\/3077\/revisions"}],"predecessor-version":[{"id":3079,"href":"https:\/\/panoramadelsur.com.ar\/index.php?rest_route=\/wp\/v2\/posts\/3077\/revisions\/3079"}],"wp:featuredmedia":[{"embeddable":true,"href":"https:\/\/panoramadelsur.com.ar\/index.php?rest_route=\/wp\/v2\/media\/39574"}],"wp:attachment":[{"href":"https:\/\/panoramadelsur.com.ar\/index.php?rest_route=%2Fwp%2Fv2%2Fmedia&parent=3077"}],"wp:term":[{"taxonomy":"category","embeddable":true,"href":"https:\/\/panoramadelsur.com.ar\/index.php?rest_route=%2Fwp%2Fv2%2Fcategories&post=3077"},{"taxonomy":"post_tag","embeddable":true,"href":"https:\/\/panoramadelsur.com.ar\/index.php?rest_route=%2Fwp%2Fv2%2Ftags&post=3077"}],"curies":[{"name":"wp","href":"https:\/\/api.w.org\/{rel}","templated":true}]}}