{"id":3080,"date":"2021-04-19T07:36:00","date_gmt":"2021-04-19T07:36:00","guid":{"rendered":"http:\/\/panoramadelsur.com.ar\/?p=3080"},"modified":"2021-04-19T19:48:38","modified_gmt":"2021-04-19T19:48:38","slug":"mayra-mendoza-junto-a-alberto-fernandez-en-el-anuncio-de-obras-para-reforzar-el-sistema-sanitario-ante-la-segunda-ola-de-covid","status":"publish","type":"post","link":"https:\/\/panoramadelsur.com.ar\/?p=3080","title":{"rendered":"Mayra Mendoza junto a Alberto Fern\u00e1ndez en el anuncio de obras para reforzar el sistema sanitario ante la segunda ola de Covid"},"content":{"rendered":"\n<p class=\"wp-block-paragraph\">La intendenta de Quilmes, Mayra Mendoza, particip\u00f3 del acto que encabez\u00f3 el presidente de la Naci\u00f3n, Alberto Fern\u00e1ndez, en el Museo del Bicentenario de la Casa Rosada, en el que anunci\u00f3 la realizaci\u00f3n de 134 obras por 10.155 millones de pesos para ampliar la Red de Emergencia Sanitaria Federal e incorporar 1.415 camas ante la segunda ola de Covid-19 en diferentes provincias de la Argentina.<\/p>\n\n\n\n<p class=\"wp-block-paragraph\">Tambi\u00e9n estuvieron presentes en el lugar el ministro de Obras P\u00fablicas de la Naci\u00f3n, Gabriel Katopodis, y su par de Salud, Carla Vizzotti, entre otros funcionarios nacionales, provinciales y municipales, trabajadores de la salud y sindicalistas; mientras que por videoconferencia participaron el gobernador bonaerense, Axel Kicillof; de Neuqu\u00e9n, Omar Guti\u00e9rrez; de Santa Fe, Omar Perotti; de San Juan, Sergio U\u00f1ac; y de Santa Cruz, Alicia Kirchner, adem\u00e1s de jefes comunales y otros funcionarios.<\/p>\n\n\n\n<p class=\"wp-block-paragraph\">\u201cAcompa\u00f1amos la presentaci\u00f3n de las obras de ampliaci\u00f3n de la Red de Emergencia Sanitaria Federal. Esta pol\u00edtica del Gobierno Nacional desarrollar\u00e1 134 nuevas obras e intervenciones que permitir\u00e1n incorporar 1.415 nuevas camas para dar respuesta ante la segunda ola de Covid-19. Desde que comenz\u00f3 la pandemia trabajamos con el Gobierno Nacional y Provincial para aumentar la infraestructura sanitaria y garantizar una atenci\u00f3n de calidad a nuestra comunidad\u201d, sostuvo Mayra.<\/p>\n\n\n\n<p class=\"wp-block-paragraph\">Por su parte, el presidente Alberto Fern\u00e1ndez agradeci\u00f3 p\u00fablicamente al personal de salud \u201cel enorme esfuerzo que han hecho y que hacen\u201d en el marco de la segunda ola de Covid-19 que afecta al pa\u00eds y anticip\u00f3 que como reconocimiento \u201cen los pr\u00f3ximos tres meses vamos a sumarle a sus ingresos la suma de 6.500 pesos mensuales\u201d. Y agreg\u00f3: \u201cMi \u00fanica preocupaci\u00f3n es cuidar la salud de los argentinos, es lo \u00fanico que me preocupa y que me impulsa en las decisiones que tomo, que no son decisiones de pol\u00edtica econ\u00f3mica, ni comercial, ni educativa; son decisiones de pol\u00edtica sanitaria avaladas por los datos que la autoridad d\u00eda a d\u00eda me hace llegar y escuchando a los cient\u00edficos, no escuchando a los pol\u00edticos ni siquiera leyendo encuestas\u201d.<\/p>\n\n\n\n<p class=\"wp-block-paragraph\">Desde La Plata, el gobernador Axel Kicillof inform\u00f3 que \u201ccuando llegu\u00e9 a mi actual cargo, la provincia ten\u00eda 883 camas de terapia intensiva en el sistema p\u00fablico, que se hubiera saturado, como lo vimos en otros pa\u00edses, el 1\u00b0 de julio del a\u00f1o pasado\u201d, y asegur\u00f3 que la \u201campliaci\u00f3n del sistema de salud permiti\u00f3 que pudi\u00e9ramos responder a las necesidades de nuestro pueblo\u201d.<\/p>\n\n\n\n<p class=\"wp-block-paragraph\">Por \u00faltimo, el ministro Katopodis precis\u00f3 que hoy \u201ctenemos en ejecuci\u00f3n 262 obras que tienen como objetivo cuidar la salud de nuestra gente\u201d. Adem\u00e1s, la cartera se encuentra trabajando en una tercera etapa, compuesta por 101 proyectos, a ejecutarse a largo plazo, que implican una inversi\u00f3n de 11.425 millones de pesos, con 1.791 nuevas camas (1.319 cr\u00edticas y 472 generales).<\/p>\n\n\n\n<p class=\"wp-block-paragraph\">El Gobierno Nacional anunci\u00f3 que adem\u00e1s de la inversi\u00f3n nacional para la expansi\u00f3n de la infraestructura hospitalaria, se impulsar\u00e1n obras en el Instituto Nacional de Microbiolog\u00eda Dr. Malbr\u00e1n, tales como la construcci\u00f3n de una nueva \u00e1rea en la sala de fr\u00edo del Instituto Nacional de Enfermedades Infecciosas, la reparaci\u00f3n de calles internas y veredas, y la puesta en valor, consolidaci\u00f3n de fachadas y espacios perimetrales en el Pabell\u00f3n Central de la instituci\u00f3n.<\/p>\n","protected":false},"excerpt":{"rendered":"<p>La intendenta<\/p>\n","protected":false},"author":1,"featured_media":39574,"comment_status":"open","ping_status":"open","sticky":false,"template":"","format":"standard","meta":{"footnotes":""},"categories":[1],"tags":[],"class_list":["post-3080","post","type-post","status-publish","format-standard","has-post-thumbnail","hentry","category-destacados"],"_links":{"self":[{"href":"https:\/\/panoramadelsur.com.ar\/index.php?rest_route=\/wp\/v2\/posts\/3080","targetHints":{"allow":["GET"]}}],"collection":[{"href":"https:\/\/panoramadelsur.com.ar\/index.php?rest_route=\/wp\/v2\/posts"}],"about":[{"href":"https:\/\/panoramadelsur.com.ar\/index.php?rest_route=\/wp\/v2\/types\/post"}],"author":[{"embeddable":true,"href":"https:\/\/panoramadelsur.com.ar\/index.php?rest_route=\/wp\/v2\/users\/1"}],"replies":[{"embeddable":true,"href":"https:\/\/panoramadelsur.com.ar\/index.php?rest_route=%2Fwp%2Fv2%2Fcomments&post=3080"}],"version-history":[{"count":1,"href":"https:\/\/panoramadelsur.com.ar\/index.php?rest_route=\/wp\/v2\/posts\/3080\/revisions"}],"predecessor-version":[{"id":3082,"href":"https:\/\/panoramadelsur.com.ar\/index.php?rest_route=\/wp\/v2\/posts\/3080\/revisions\/3082"}],"wp:featuredmedia":[{"embeddable":true,"href":"https:\/\/panoramadelsur.com.ar\/index.php?rest_route=\/wp\/v2\/media\/39574"}],"wp:attachment":[{"href":"https:\/\/panoramadelsur.com.ar\/index.php?rest_route=%2Fwp%2Fv2%2Fmedia&parent=3080"}],"wp:term":[{"taxonomy":"category","embeddable":true,"href":"https:\/\/panoramadelsur.com.ar\/index.php?rest_route=%2Fwp%2Fv2%2Fcategories&post=3080"},{"taxonomy":"post_tag","embeddable":true,"href":"https:\/\/panoramadelsur.com.ar\/index.php?rest_route=%2Fwp%2Fv2%2Ftags&post=3080"}],"curies":[{"name":"wp","href":"https:\/\/api.w.org\/{rel}","templated":true}]}}