{"id":3087,"date":"2021-04-20T12:43:15","date_gmt":"2021-04-20T12:43:15","guid":{"rendered":"http:\/\/panoramadelsur.com.ar\/?p=3087"},"modified":"2021-04-20T12:43:17","modified_gmt":"2021-04-20T12:43:17","slug":"la-provincia-de-buenos-aires-sumara-50-centros-de-testeos-de-coronavirus","status":"publish","type":"post","link":"https:\/\/panoramadelsur.com.ar\/?p=3087","title":{"rendered":"La provincia de Buenos Aires sumar\u00e1 50 centros de testeos de coronavirus"},"content":{"rendered":"\n<p class=\"wp-block-paragraph\">El Gobierno bonaerense sumar\u00e1 50 nuevos centros de testeos r\u00e1pidos de ant\u00edgenos con el objetivo de ampliar la Red de diagn\u00f3stico, en el marco de la segunda ola de coronavirus, inform\u00f3 el Ministerio de Salud provincial.<\/p>\n\n\n\n<p class=\"wp-block-paragraph\">Se trata de 50 nuevos puntos de testeo r\u00e1pido que se pondr\u00e1n en marcha en municipios de la Provincia, gracias a que a partir de esta segunda ola el Ministerio de Salud bonaerense comenz\u00f3 a distribuir a sus Regiones Sanitarias pruebas de ant\u00edgenos para el diagn\u00f3stico de coronavirus en casos sospechosos.<\/p>\n\n\n\n<p class=\"wp-block-paragraph\">Durante la jornada de ayer se inauguraron 4 de estos centros en el distrito de Esteban Echeverr\u00eda, precis\u00f3 un comunicado de la cartera sanitaria.<\/p>\n\n\n\n<p class=\"wp-block-paragraph\">\u00abEstos lugares resultan una estrategia clave para poder hacer el diagn\u00f3stico a tiempo, garantizar el aislamiento, y la selecci\u00f3n de los contactos estrechos para cortar la cadena de contagios de manera inmediata\u00bb, destac\u00f3 el viceministro de Salud provincial, Nicol\u00e1s Kreplak.<\/p>\n\n\n\n<p class=\"wp-block-paragraph\">Luego explic\u00f3 que \u00abal estar ubicados cerca de la gente, se evitan los traslados de personas con s\u00edntomas, y las colas en los hospitales, y se utiliza una t\u00e9cnica con una capacidad de diagn\u00f3stico de alta fidelidad\u00bb.<\/p>\n\n\n\n<p class=\"wp-block-paragraph\">Los cuatro centros inaugurados ayer en Esteban Echeverr\u00eda se suman a los establecidos ya en el hospital y en la estaci\u00f3n de trenes de ese distrito.<\/p>\n\n\n\n<p class=\"wp-block-paragraph\">La segunda ola del virus motiv\u00f3 al Ministerio de Salud provincial a comenzar a distribuir desde este mes de manera masiva estos test de ant\u00edgenos a los municipios a trav\u00e9s de sus Regiones Sanitarias, para la puesta en marcha de estos centros de testeos como un complemento al sistema p\u00fablico de diagn\u00f3stico.<\/p>\n\n\n\n<p class=\"wp-block-paragraph\">De esta manera, se logr\u00f3 realizar aproximadamente 30 mil testeos por d\u00eda a fines de la semana pasada.<\/p>\n\n\n\n<p class=\"wp-block-paragraph\">El test de ant\u00edgenos para Covid-19 es una herramienta de detecci\u00f3n que da resultados en menos de 20 minutos, es decir que agiliza, mejora y potencia la capacidad de rastrillaje.<\/p>\n\n\n\n<p class=\"wp-block-paragraph\">Se utiliza en los operativos territoriales y en las \u00faltimas dos semanas se increment\u00f3 de un 10% a un 30% el uso del mismo.<\/p>\n\n\n\n<p class=\"wp-block-paragraph\">La muestra se toma con un hisopo y luego, en vez de ir al laboratorio a ser procesado, se tramita en el propio lugar, de manera descentralizada y en tiempo real.<\/p>\n\n\n\n<p class=\"wp-block-paragraph\">La implementaci\u00f3n de esta herramienta fortalece la estrategia de detecci\u00f3n precoz y aislamiento de los casos confirmados de manera inmediata, minimiza la transmisi\u00f3n del virus; y descomprime la tarea de los laboratorios.<\/p>\n\n\n\n<p class=\"wp-block-paragraph\">Este test agrega mayor capacidad de procesamiento, y la velocidad de la detecci\u00f3n de la enfermedad permite actuar m\u00e1s r\u00e1pido para evitar contagios.<\/p>\n","protected":false},"excerpt":{"rendered":"<p>El Gobierno<\/p>\n","protected":false},"author":1,"featured_media":39574,"comment_status":"open","ping_status":"open","sticky":false,"template":"","format":"standard","meta":{"footnotes":""},"categories":[5],"tags":[],"class_list":["post-3087","post","type-post","status-publish","format-standard","has-post-thumbnail","hentry","category-provincia"],"_links":{"self":[{"href":"https:\/\/panoramadelsur.com.ar\/index.php?rest_route=\/wp\/v2\/posts\/3087","targetHints":{"allow":["GET"]}}],"collection":[{"href":"https:\/\/panoramadelsur.com.ar\/index.php?rest_route=\/wp\/v2\/posts"}],"about":[{"href":"https:\/\/panoramadelsur.com.ar\/index.php?rest_route=\/wp\/v2\/types\/post"}],"author":[{"embeddable":true,"href":"https:\/\/panoramadelsur.com.ar\/index.php?rest_route=\/wp\/v2\/users\/1"}],"replies":[{"embeddable":true,"href":"https:\/\/panoramadelsur.com.ar\/index.php?rest_route=%2Fwp%2Fv2%2Fcomments&post=3087"}],"version-history":[{"count":1,"href":"https:\/\/panoramadelsur.com.ar\/index.php?rest_route=\/wp\/v2\/posts\/3087\/revisions"}],"predecessor-version":[{"id":3089,"href":"https:\/\/panoramadelsur.com.ar\/index.php?rest_route=\/wp\/v2\/posts\/3087\/revisions\/3089"}],"wp:featuredmedia":[{"embeddable":true,"href":"https:\/\/panoramadelsur.com.ar\/index.php?rest_route=\/wp\/v2\/media\/39574"}],"wp:attachment":[{"href":"https:\/\/panoramadelsur.com.ar\/index.php?rest_route=%2Fwp%2Fv2%2Fmedia&parent=3087"}],"wp:term":[{"taxonomy":"category","embeddable":true,"href":"https:\/\/panoramadelsur.com.ar\/index.php?rest_route=%2Fwp%2Fv2%2Fcategories&post=3087"},{"taxonomy":"post_tag","embeddable":true,"href":"https:\/\/panoramadelsur.com.ar\/index.php?rest_route=%2Fwp%2Fv2%2Ftags&post=3087"}],"curies":[{"name":"wp","href":"https:\/\/api.w.org\/{rel}","templated":true}]}}