{"id":3125,"date":"2021-04-20T17:30:13","date_gmt":"2021-04-20T17:30:13","guid":{"rendered":"http:\/\/panoramadelsur.com.ar\/?p=3125"},"modified":"2021-04-20T17:30:15","modified_gmt":"2021-04-20T17:30:15","slug":"siguen-los-operativos-integrales-de-limpieza-en-toda-la-ciudad","status":"publish","type":"post","link":"https:\/\/panoramadelsur.com.ar\/?p=3125","title":{"rendered":"Siguen los operativos integrales de limpieza en toda la ciudad"},"content":{"rendered":"\n<p class=\"wp-block-paragraph\">Como parte del compromiso de gesti\u00f3n que asumi\u00f3 la intendenta Mayra Mendoza por un Quilmes limpio, el Municipio avanza con los operativos integrales de limpieza en distintos barrios de la ciudad, que incluyen tareas de corte de pasto, desmalezado, levantamiento de ramas y mont\u00edculos, bacheo, zanjeo, colocaci\u00f3n de ca\u00f1os y desobstrucci\u00f3n de los conductos pluviales, entre otras.<\/p>\n\n\n\n<p class=\"wp-block-paragraph\">Equipados con maquinaria pesada, camiones, bateas y palas, en la jornada de ayer los trabajadores municipales de la Secretar\u00eda de Servicios P\u00fablicos, a cargo de \u00c1ngel Garc\u00eda, estuvieron en el barrio El Monte con tareas de limpieza de zanj\u00f3n (Alberdi desde Cevallos hasta Autopista) y corte de pasto y desmalezado (Alberdi desde Cevallos hasta Mozart).<\/p>\n\n\n\n<p class=\"wp-block-paragraph\">En Bernal Este (Barrio Parque, Plaza Suiza, Plaza de la Paz) y Don Bosco (Parque Lineal) tambi\u00e9n se realizaron tareas de corte de pasto, desmalezado y limpieza. Luego, en Bernal Oeste (Pedemonte, Donato \u00c1lvarez) y en La Matera\/Quilmes Oeste (calles 816 y 885; Camino General Belgrano desde 12 de Octubre hasta Rotonda de Pasco) se levantaron mont\u00edculos.<\/p>\n\n\n\n<p class=\"wp-block-paragraph\">Trabajos similares se realizaron en otros puntos de la ciudad como Chaco y Ayacucho; Ayacucho desde Bermejo a Montevideo; Zapiola a Lamadrid; Calchaqu\u00ed a Arroyo Las Piedras; Montevideo desde Ayacucho a Dardo Rocha; barrio Jos\u00e9 Hern\u00e1ndez (Jard\u00edn N\u00ba 961, calle 817 N\u00b0 932); Elustondo y Laprida (Jard\u00edn N\u00ba 947); Plaza de Fleming y Pampa; Amoedo desde Calchaqu\u00ed a Vicente L\u00f3pez; Vicente L\u00f3pez desde Amoedo a Triunvirato; Triunvirato desde Vicente L\u00f3pez hasta Camino General Belgrano; Laprida desde Calchaqu\u00ed hasta Centenario; Centenario desde Laprida hasta Smith.<\/p>\n\n\n\n<p class=\"wp-block-paragraph\">Adem\u00e1s, en Ezpeleta (Rep\u00fablica de Francia a Smith, Centenario a Avenida La Plata) se limpiaron microbasurales. Y en La Colonia (Azcu\u00e9naga y Jujuy) se prepar\u00f3 el terreno para el llenado de hormig\u00f3n.<\/p>\n\n\n\n<p class=\"wp-block-paragraph\">En tanto, desde la Subsecretar\u00eda de Aguas, Cloacas y Saneamiento H\u00eddrico se cambiaron ca\u00f1er\u00edas en Urquiza y Namuncur\u00e1 y se rectificaron zanjas. Se construyeron tapas en Av. Amoedo y Larrea y en Corrientes y Bernardo de Irigoyen. Se reconstruyeron sumideros en Victorica y Arroyo Santo Domingo.<\/p>\n\n\n\n<p class=\"wp-block-paragraph\">Los camiones desobstructores estuvieron en barrio Eucaliptus; calle 838&nbsp; y calle 885; 829&nbsp; y 882; 828 y 882; 828 y 888; Victorica entre Coronel Lynch y Bermejo; Av. Maurinio y Bermejo; Av. Cevallos entre Alsina y Alberdi; calle 835 entre calle 880 y Arroyo Las Piedras. Finalmente, se controlaron napas y estaciones de bombeo.<\/p>\n","protected":false},"excerpt":{"rendered":"<p>Como parte<\/p>\n","protected":false},"author":1,"featured_media":39574,"comment_status":"open","ping_status":"open","sticky":false,"template":"","format":"standard","meta":{"footnotes":""},"categories":[2],"tags":[],"class_list":["post-3125","post","type-post","status-publish","format-standard","has-post-thumbnail","hentry","category-quilmes"],"_links":{"self":[{"href":"https:\/\/panoramadelsur.com.ar\/index.php?rest_route=\/wp\/v2\/posts\/3125","targetHints":{"allow":["GET"]}}],"collection":[{"href":"https:\/\/panoramadelsur.com.ar\/index.php?rest_route=\/wp\/v2\/posts"}],"about":[{"href":"https:\/\/panoramadelsur.com.ar\/index.php?rest_route=\/wp\/v2\/types\/post"}],"author":[{"embeddable":true,"href":"https:\/\/panoramadelsur.com.ar\/index.php?rest_route=\/wp\/v2\/users\/1"}],"replies":[{"embeddable":true,"href":"https:\/\/panoramadelsur.com.ar\/index.php?rest_route=%2Fwp%2Fv2%2Fcomments&post=3125"}],"version-history":[{"count":1,"href":"https:\/\/panoramadelsur.com.ar\/index.php?rest_route=\/wp\/v2\/posts\/3125\/revisions"}],"predecessor-version":[{"id":3127,"href":"https:\/\/panoramadelsur.com.ar\/index.php?rest_route=\/wp\/v2\/posts\/3125\/revisions\/3127"}],"wp:featuredmedia":[{"embeddable":true,"href":"https:\/\/panoramadelsur.com.ar\/index.php?rest_route=\/wp\/v2\/media\/39574"}],"wp:attachment":[{"href":"https:\/\/panoramadelsur.com.ar\/index.php?rest_route=%2Fwp%2Fv2%2Fmedia&parent=3125"}],"wp:term":[{"taxonomy":"category","embeddable":true,"href":"https:\/\/panoramadelsur.com.ar\/index.php?rest_route=%2Fwp%2Fv2%2Fcategories&post=3125"},{"taxonomy":"post_tag","embeddable":true,"href":"https:\/\/panoramadelsur.com.ar\/index.php?rest_route=%2Fwp%2Fv2%2Ftags&post=3125"}],"curies":[{"name":"wp","href":"https:\/\/api.w.org\/{rel}","templated":true}]}}