{"id":3128,"date":"2021-04-20T17:35:15","date_gmt":"2021-04-20T17:35:15","guid":{"rendered":"http:\/\/panoramadelsur.com.ar\/?p=3128"},"modified":"2021-04-20T17:35:17","modified_gmt":"2021-04-20T17:35:17","slug":"avanza-la-vacunacion-contra-covid-en-quilmes","status":"publish","type":"post","link":"https:\/\/panoramadelsur.com.ar\/?p=3128","title":{"rendered":"Avanza la vacunaci\u00f3n contra Covid en Quilmes"},"content":{"rendered":"\n<p class=\"wp-block-paragraph\">La intendenta de Quilmes, Mayra Mendoza, inform\u00f3 que hoy llegaron al distrito 7.800 dosis m\u00e1s de vacunas contra el Covid 19 y que ma\u00f1ana mi\u00e9rcoles ser\u00e1 la apertura del nuevo vacunatorio que funcionar\u00e1 en el Parque de la Cervecer\u00eda, por lo que en Quilmes se acelerar\u00e1 el plan de vacunaci\u00f3n, lo que permitir\u00e1 aumentar la cantidad de quilme\u00f1os y quilme\u00f1as inmunizados contra el coronavirus.<\/p>\n\n\n\n<p class=\"wp-block-paragraph\">\u00abGracias a la decisi\u00f3n pol\u00edtica del presidente Alberto Fern\u00e1ndez y del gobernador Axel Kicillof, el proceso de vacunaci\u00f3n en Quilmes avanza fuertemente. Llegaron hoy 7.800 nuevas vacunas y ya superamos las 72 mil personas vacunadas. Estamos llevando adelante la campa\u00f1a de vacunaci\u00f3n m\u00e1s importante de la historia y somos uno de los 20 pa\u00edses del mundo que m\u00e1s est\u00e1 vacunando\u00bb, destac\u00f3 Mayra, y agreg\u00f3: \u00abnosotros no estamos haciendo pol\u00edtica con la pandemia, estamos vacunando, vacunando y vacunando\u00bb.<\/p>\n\n\n\n<p class=\"wp-block-paragraph\">Hasta hoy 72.942 personas fueron vacunadas en Quilmes y se aplicaron 78.785 dosis desde que se inici\u00f3 el plan provincial p\u00fablico, gratuito y optativo de vacunaci\u00f3n contra el Covid 19, y con el del Parque de la Cervecer\u00eda (Laprida 600, Quilmes Oeste), ya son 12 los centros de vacunaci\u00f3n que funcionan en el distrito.<\/p>\n\n\n\n<p class=\"wp-block-paragraph\">\u201cLa llegada de estas 7.800 dosis permitir\u00e1 completar la mayor parte de la vacunaci\u00f3n de los grupos prioritarios, como lo son el personal de salud y las personas mayores de 70 a\u00f1os, completar la de los mayores de 60 a\u00f1os con factores de riesgo y seguir aprovechando estos momentos de cuidado y las restricciones definidas por el Gobierno Nacional para avanzar con la vacunaci\u00f3n y, a la vez, frenar los contagios\u201d, expres\u00f3 el secretario de Salud de Quilmes, doctor Jonatan Konfino.<\/p>\n\n\n\n<p class=\"wp-block-paragraph\">Desde la Comuna se hace hincapi\u00e9 en cumplir con las restricciones decididas por el Gobierno Nacional, ya que en las \u00faltimas semanas en Quilmes, hasta el momento la ocupaci\u00f3n de camas de Terapia Intensiva ronda el 80 por ciento, se duplicaron los hisopados y los casos positivos subieron casi un 50 por ciento.<\/p>\n\n\n\n<p class=\"wp-block-paragraph\">En este contexto, se recuerda que en el Municipio de Quilmes hasta el 30 de abril se encuentra en Fase 2 al igual que el resto del \u00c1rea Metropolitana de Buenos Aires (AMBA), por lo que est\u00e1n vigentes las medidas de restricci\u00f3n definidas por el Gobierno Nacional y el Provincial, por lo que est\u00e1 prohibida la circulaci\u00f3n entre las 20 y las 6; el horario de cierre de los comercios no esenciales es a las 19; locales gastron\u00f3micos solo habilitados para retiro en tienda y entrega a domicilio a partir de las 19; suspensi\u00f3n de actividades recreativas, sociales, culturales y religiosas en espacios cerrados; actividades recreativas y deportivas al aire libre solo hasta 10 personas; clases para todos los niveles educativos \u00fanicamente virtuales, y el cumplimiento del protocolo de prevenci\u00f3n Covid 19 en establecimientos comerciales.<\/p>\n","protected":false},"excerpt":{"rendered":"<p>La intendenta<\/p>\n","protected":false},"author":1,"featured_media":39574,"comment_status":"open","ping_status":"open","sticky":false,"template":"","format":"standard","meta":{"footnotes":""},"categories":[1,2],"tags":[],"class_list":["post-3128","post","type-post","status-publish","format-standard","has-post-thumbnail","hentry","category-destacados","category-quilmes"],"_links":{"self":[{"href":"https:\/\/panoramadelsur.com.ar\/index.php?rest_route=\/wp\/v2\/posts\/3128","targetHints":{"allow":["GET"]}}],"collection":[{"href":"https:\/\/panoramadelsur.com.ar\/index.php?rest_route=\/wp\/v2\/posts"}],"about":[{"href":"https:\/\/panoramadelsur.com.ar\/index.php?rest_route=\/wp\/v2\/types\/post"}],"author":[{"embeddable":true,"href":"https:\/\/panoramadelsur.com.ar\/index.php?rest_route=\/wp\/v2\/users\/1"}],"replies":[{"embeddable":true,"href":"https:\/\/panoramadelsur.com.ar\/index.php?rest_route=%2Fwp%2Fv2%2Fcomments&post=3128"}],"version-history":[{"count":1,"href":"https:\/\/panoramadelsur.com.ar\/index.php?rest_route=\/wp\/v2\/posts\/3128\/revisions"}],"predecessor-version":[{"id":3130,"href":"https:\/\/panoramadelsur.com.ar\/index.php?rest_route=\/wp\/v2\/posts\/3128\/revisions\/3130"}],"wp:featuredmedia":[{"embeddable":true,"href":"https:\/\/panoramadelsur.com.ar\/index.php?rest_route=\/wp\/v2\/media\/39574"}],"wp:attachment":[{"href":"https:\/\/panoramadelsur.com.ar\/index.php?rest_route=%2Fwp%2Fv2%2Fmedia&parent=3128"}],"wp:term":[{"taxonomy":"category","embeddable":true,"href":"https:\/\/panoramadelsur.com.ar\/index.php?rest_route=%2Fwp%2Fv2%2Fcategories&post=3128"},{"taxonomy":"post_tag","embeddable":true,"href":"https:\/\/panoramadelsur.com.ar\/index.php?rest_route=%2Fwp%2Fv2%2Ftags&post=3128"}],"curies":[{"name":"wp","href":"https:\/\/api.w.org\/{rel}","templated":true}]}}