{"id":3131,"date":"2021-04-20T17:38:38","date_gmt":"2021-04-20T17:38:38","guid":{"rendered":"http:\/\/panoramadelsur.com.ar\/?p=3131"},"modified":"2021-04-20T17:38:40","modified_gmt":"2021-04-20T17:38:40","slug":"el-presidente-promulgo-la-ley-de-modificacion-al-impuesto-a-las-ganancias","status":"publish","type":"post","link":"https:\/\/panoramadelsur.com.ar\/?p=3131","title":{"rendered":"El Presidente promulg\u00f3 la ley de modificaci\u00f3n al impuesto a las Ganancias"},"content":{"rendered":"\n<p class=\"wp-block-paragraph\">El presidente Alberto Fern\u00e1ndez promulg\u00f3 hoy, a trav\u00e9s de de la firma del Decreto 249\/2021, la Ley 27.617, que modifica diversos art\u00edculos de la ley del impuesto a las Ganancias, y eleva el piso a partir del que los trabajadores en relaci\u00f3n de dependencia empiezan a pagar el tributo a $150.000 mensuales de salario bruto.<\/p>\n\n\n\n<p class=\"wp-block-paragraph\">Durante un acto en el que tambi\u00e9n se anunciaron 87.000 cr\u00e9ditos para la construcci\u00f3n de viviendas, el Presidente asegur\u00f3 que \u00abes un d\u00eda importante para el Gobierno, porque estamos poniendo orden en algo de lo que no hablamos tanto en la campa\u00f1a, pero sabemos que ten\u00edamos que ordenar\u00bb.<\/p>\n\n\n\n<p class=\"wp-block-paragraph\">\u00abEstamos haciendo m\u00e1s progresivo el sistema impositivo, haciendo que paguen m\u00e1s los que m\u00e1s tienen y paguen menos los que reciben recursos s\u00f3lo de un salario\u00bb, indic\u00f3 el jefe de Estado.<\/p>\n\n\n\n<p class=\"wp-block-paragraph\">Agreg\u00f3 que con estos cambios en el impuesto a las Ganancias \u00abestamos resolviendo el poder adquisitivo de m\u00e1s de un mill\u00f3n de trabajadores y tambi\u00e9n jubilados que estaban afectados\u00bb.<\/p>\n\n\n\n<p class=\"wp-block-paragraph\">\u00abY los resultados -continu\u00f3- son interesantes, ya que dejan de pagar el impuesto 1.267.000 trabajadores, y es un beneficio para m\u00e1s del 90 por ciento de las personas asalariadas\u00bb.<\/p>\n\n\n\n<p class=\"wp-block-paragraph\">El jefe de Estado afirm\u00f3 que \u00abestamos dando un gran paso, porque el pago del tributo tambi\u00e9n excluye el aguinaldo, y eliminamos el tope para deducir a los hijos e hijas de personas con discapacidades, y eximimos al personal de salud por las horas extras o guardias en la pandemia\u00bb.<\/p>\n\n\n\n<p class=\"wp-block-paragraph\">Fern\u00e1ndez indic\u00f3 que estos cambios implican \u00abun esfuerzo de m\u00e1s de 40.000 millones de pesos, pero parte de ese esfuerzo lo estamos corriendo, haci\u00e9ndole pagar el impuesto a los que m\u00e1s tienen\u00bb.<\/p>\n\n\n\n<p class=\"wp-block-paragraph\">El mandatario sostuvo que \u00abes muy importante este paso en favor de la justicia social y destacar tambi\u00e9n que esto se aplica desde el primero de enero de este a\u00f1o, con lo cual las Ganancias que se hayan pagado en enero, febrero, marzo y tambi\u00e9n en abril, todo eso va a ser devuelto y, de ese modo, recuperar\u00e1n la capacidad adquisitiva\u00bb.<\/p>\n\n\n\n<p class=\"wp-block-paragraph\">Del acto de la promulgaci\u00f3n de estos cambios en materia tributaria participaron, entre otros, el presidente de la C\u00e1mara de Diputados, Sergio Massa; el ministro del Interior, Eduardo de Pedro; la intendenta de Quilmes, Mayra Mendoza; y los senadores Mariano Recalde y Anabel Fern\u00e1ndez Sagasti, entre otros.<\/p>\n\n\n\n<p class=\"wp-block-paragraph\">En tanto, siguieron el acto de manera virtual los gobernadores de Buenos Aires (Axel Kicillof); Entre R\u00edos (Gustavo Bordet); Jujuy (Gerardo Morales); Santiago del Estero (Gerardo Zamora); Neuqu\u00e9n (Omar Guti\u00e9rrez); Santa Fe (Omar Perotti); Santa Cruz (Alicia Kirchner); R\u00edo Negro (Arabela Carreras); San Luis (Alberto Rodr\u00edguez Sa\u00e1); y por C\u00f3rdoba el vicegobernador Manuel Calvo.<\/p>\n\n\n\n<p class=\"wp-block-paragraph\">Seg\u00fan lo establecido en la ley que hoy es promulgada, sancionada por el Senado el pasado 8 de abril, dejan de pagar el impuesto 1.267.000 trabajadores y jubilados, representando un beneficio para m\u00e1s del 90% de las personas asalariadas.<\/p>\n\n\n\n<p class=\"wp-block-paragraph\">En cuanto a los detalles de la iniciativa, se sube el piso del m\u00ednimo no imponible a 150.000 pesos de salario bruto mensual, mientras que, en el caso de las jubilaciones s\u00f3lo tributar\u00e1n el impuesto quienes ganen por encima de ocho haberes m\u00ednimos.<\/p>\n\n\n\n<p class=\"wp-block-paragraph\">La vigencia de la ley ser\u00e1 retroactiva a enero de 2021, por lo que los beneficiados recibir\u00e1n una devoluci\u00f3n de los montos retenidos de m\u00e1s en el per\u00edodo entre principios de a\u00f1o y el momento de entrada en vigencia de la ley.<\/p>\n","protected":false},"excerpt":{"rendered":"<p>El presidente<\/p>\n","protected":false},"author":1,"featured_media":39574,"comment_status":"open","ping_status":"open","sticky":false,"template":"","format":"standard","meta":{"footnotes":""},"categories":[4],"tags":[],"class_list":["post-3131","post","type-post","status-publish","format-standard","has-post-thumbnail","hentry","category-nacionales"],"_links":{"self":[{"href":"https:\/\/panoramadelsur.com.ar\/index.php?rest_route=\/wp\/v2\/posts\/3131","targetHints":{"allow":["GET"]}}],"collection":[{"href":"https:\/\/panoramadelsur.com.ar\/index.php?rest_route=\/wp\/v2\/posts"}],"about":[{"href":"https:\/\/panoramadelsur.com.ar\/index.php?rest_route=\/wp\/v2\/types\/post"}],"author":[{"embeddable":true,"href":"https:\/\/panoramadelsur.com.ar\/index.php?rest_route=\/wp\/v2\/users\/1"}],"replies":[{"embeddable":true,"href":"https:\/\/panoramadelsur.com.ar\/index.php?rest_route=%2Fwp%2Fv2%2Fcomments&post=3131"}],"version-history":[{"count":1,"href":"https:\/\/panoramadelsur.com.ar\/index.php?rest_route=\/wp\/v2\/posts\/3131\/revisions"}],"predecessor-version":[{"id":3133,"href":"https:\/\/panoramadelsur.com.ar\/index.php?rest_route=\/wp\/v2\/posts\/3131\/revisions\/3133"}],"wp:featuredmedia":[{"embeddable":true,"href":"https:\/\/panoramadelsur.com.ar\/index.php?rest_route=\/wp\/v2\/media\/39574"}],"wp:attachment":[{"href":"https:\/\/panoramadelsur.com.ar\/index.php?rest_route=%2Fwp%2Fv2%2Fmedia&parent=3131"}],"wp:term":[{"taxonomy":"category","embeddable":true,"href":"https:\/\/panoramadelsur.com.ar\/index.php?rest_route=%2Fwp%2Fv2%2Fcategories&post=3131"},{"taxonomy":"post_tag","embeddable":true,"href":"https:\/\/panoramadelsur.com.ar\/index.php?rest_route=%2Fwp%2Fv2%2Ftags&post=3131"}],"curies":[{"name":"wp","href":"https:\/\/api.w.org\/{rel}","templated":true}]}}