{"id":31970,"date":"2022-11-04T01:06:00","date_gmt":"2022-11-04T04:06:00","guid":{"rendered":"https:\/\/panoramadelsur.com.ar\/?p=31970"},"modified":"2022-10-31T23:02:20","modified_gmt":"2022-11-01T02:02:20","slug":"luciano-yaccarino-y-jose-ignacio-gere-del-movimiento-de-la-palabra-seran-ordenados-sacerdotes","status":"publish","type":"post","link":"https:\/\/panoramadelsur.com.ar\/?p=31970","title":{"rendered":"LUCIANO YACCARINO Y JOS\u00c9 IGNACIO GERE, DEL MOVIMIENTO DE LA PALABRA, SER\u00c1N ORDENADOS SACERDOTES"},"content":{"rendered":"\n<p class=\"wp-block-paragraph\">Este s\u00e1bado 5 de noviembre&nbsp;a las&nbsp;19.00&nbsp;se llevar\u00e1 a cabo la&nbsp;<strong>ordenaci\u00f3n sacerdotal de Luciano Yaccarino y de Jos\u00e9 Ignacio Gere<\/strong>, del Nazaret Masculino del Movimiento de la Palabra de Dios.<\/p>\n\n\n\n<p class=\"wp-block-paragraph\">La Celebraci\u00f3n Eucar\u00edstica tendr\u00e1 lugar en el&nbsp;Santuario Jes\u00fas Sacramentado&nbsp;(Corrientes 4422, Ciudad de Buenos Aires).<\/p>\n","protected":false},"excerpt":{"rendered":"<p>Este s\u00e1bado<\/p>\n","protected":false},"author":1,"featured_media":39574,"comment_status":"closed","ping_status":"closed","sticky":false,"template":"","format":"standard","meta":{"footnotes":""},"categories":[2],"tags":[60],"class_list":["post-31970","post","type-post","status-publish","format-standard","has-post-thumbnail","hentry","category-quilmes","tag-diocesis"],"_links":{"self":[{"href":"https:\/\/panoramadelsur.com.ar\/index.php?rest_route=\/wp\/v2\/posts\/31970","targetHints":{"allow":["GET"]}}],"collection":[{"href":"https:\/\/panoramadelsur.com.ar\/index.php?rest_route=\/wp\/v2\/posts"}],"about":[{"href":"https:\/\/panoramadelsur.com.ar\/index.php?rest_route=\/wp\/v2\/types\/post"}],"author":[{"embeddable":true,"href":"https:\/\/panoramadelsur.com.ar\/index.php?rest_route=\/wp\/v2\/users\/1"}],"replies":[{"embeddable":true,"href":"https:\/\/panoramadelsur.com.ar\/index.php?rest_route=%2Fwp%2Fv2%2Fcomments&post=31970"}],"version-history":[{"count":1,"href":"https:\/\/panoramadelsur.com.ar\/index.php?rest_route=\/wp\/v2\/posts\/31970\/revisions"}],"predecessor-version":[{"id":31972,"href":"https:\/\/panoramadelsur.com.ar\/index.php?rest_route=\/wp\/v2\/posts\/31970\/revisions\/31972"}],"wp:featuredmedia":[{"embeddable":true,"href":"https:\/\/panoramadelsur.com.ar\/index.php?rest_route=\/wp\/v2\/media\/39574"}],"wp:attachment":[{"href":"https:\/\/panoramadelsur.com.ar\/index.php?rest_route=%2Fwp%2Fv2%2Fmedia&parent=31970"}],"wp:term":[{"taxonomy":"category","embeddable":true,"href":"https:\/\/panoramadelsur.com.ar\/index.php?rest_route=%2Fwp%2Fv2%2Fcategories&post=31970"},{"taxonomy":"post_tag","embeddable":true,"href":"https:\/\/panoramadelsur.com.ar\/index.php?rest_route=%2Fwp%2Fv2%2Ftags&post=31970"}],"curies":[{"name":"wp","href":"https:\/\/api.w.org\/{rel}","templated":true}]}}